{"id":40706,"date":"2020-07-29T00:54:02","date_gmt":"2020-07-28T22:54:02","guid":{"rendered":"https:\/\/geek.hr\/mobiteli\/?p=40706"},"modified":"2020-07-29T00:54:03","modified_gmt":"2020-07-28T22:54:03","slug":"novo-azuriranje-iphonea-prikazuje-da-instagram-pali-kameru-cak-i-kad-je-ne-koristite","status":"publish","type":"post","link":"https:\/\/geek.hr\/mobiteli\/novo-azuriranje-iphonea-prikazuje-da-instagram-pali-kameru-cak-i-kad-je-ne-koristite\/","title":{"rendered":"Novo a\u017euriranje iPhonea prikazuje da Instagram &#8220;pali kameru&#8221; \u010dak i kad je ne koristite"},"content":{"rendered":"\n<p>Brojni korisnici diljem svijeta koji su skinuli ranu verziju Appleovog sljede\u0107eg velikog a\u017euriranja softvera iOS 14 primijetili su neo\u010dekivane promjene na njihovim ure\u0111ajima. Instagram pristupa kameri korisnika \u010dak i kad je ona uga\u0161ena.<\/p>\n\n\n\n<p>Korisnici su primijetili da zelena to\u010dkica, koja prikazuje da je kamera uklju\u010dena, svijetli dok korisnici provode vrijeme na Instagramu, bez obzira koriste li u tom trenutku kameru ili ne.<\/p>\n\n\n\n<p>Glasnogovornik Facebooka rekao je u izjavi za <em><a rel=\"noreferrer noopener\" href=\"https:\/\/www.businessinsider.com\/instagram-camera-on-when-not-taking-photos-ios-14-2020-7\" target=\"_blank\">Business Insider<\/a><\/em> da je u pitanju gre\u0161ka koju zaposlenici poku\u0161avaju popraviti, te nadodao da sama \u010dinjenica da je zelena to\u010dkica zasvijetlila ne zna\u010di nu\u017eno da je Instagram zaista pristupio njihovoj kameri.<\/p>\n\n\n\n<p>Istovremeno, glasnogovornik tvrtke Apple istaknuo je da se korisnicima prikazuje snimanje svaki put kad neka aplikacija koristi kameru ili mikrofon.<\/p>\n\n\n\n<p>&#8220;Va\u0161oj kameri pristupamo samo kad nam to dopustite, primjerice, kad prije\u0111ete prstom s kategorije Feed na kameru. Prona\u0161li smo i ispravljamo bug u iOS 14 Beta verziji koji pogre\u0161no ukazuje na kori\u0161tenje kamere kad je korisnik ne koristi. Va\u0161oj kameri ne pristupamo u tim slu\u010dajevima i ne snima se sadr\u017eaj.&#8221;, izjavio je glasnogovornik.<\/p>\n\n\n\n<p>No, ovo nije prvi takav slu\u010daj, ranije je nadogradnjom iOSa ispravljena gre\u0161ka na Facebooku. <\/p>\n\n\n\n<p><\/p>\n","protected":false},"excerpt":{"rendered":"<p>Glasnogovornik Facebooka rekao je da je u pitanju gre\u0161ka koju zaposlenici poku\u0161avaju popravit.<\/p>\n","protected":false},"author":10022,"featured_media":40707,"comment_status":"open","ping_status":"closed","sticky":false,"template":"","format":"standard","meta":{"_lmt_disableupdate":"","_lmt_disable":"","footnotes":""},"categories":[1],"tags":[438,91,2842,3015,163,3016,997,98,1528],"class_list":["post-40706","post","type-post","status-publish","format-standard","has-post-thumbnail","hentry","category-mobiteli","tag-aplikacija","tag-apple-2","tag-azuriranje","tag-bug","tag-facebook","tag-greska","tag-instagram","tag-ios","tag-kamera"],"modified_by":null,"_links":{"self":[{"href":"https:\/\/geek.hr\/mobiteli\/wp-json\/wp\/v2\/posts\/40706","targetHints":{"allow":["GET"]}}],"collection":[{"href":"https:\/\/geek.hr\/mobiteli\/wp-json\/wp\/v2\/posts"}],"about":[{"href":"https:\/\/geek.hr\/mobiteli\/wp-json\/wp\/v2\/types\/post"}],"author":[{"embeddable":true,"href":"https:\/\/geek.hr\/mobiteli\/wp-json\/wp\/v2\/users\/10022"}],"replies":[{"embeddable":true,"href":"https:\/\/geek.hr\/mobiteli\/wp-json\/wp\/v2\/comments?post=40706"}],"version-history":[{"count":0,"href":"https:\/\/geek.hr\/mobiteli\/wp-json\/wp\/v2\/posts\/40706\/revisions"}],"wp:featuredmedia":[{"embeddable":true,"href":"https:\/\/geek.hr\/mobiteli\/wp-json\/wp\/v2\/media\/40707"}],"wp:attachment":[{"href":"https:\/\/geek.hr\/mobiteli\/wp-json\/wp\/v2\/media?parent=40706"}],"wp:term":[{"taxonomy":"category","embeddable":true,"href":"https:\/\/geek.hr\/mobiteli\/wp-json\/wp\/v2\/categories?post=40706"},{"taxonomy":"post_tag","embeddable":true,"href":"https:\/\/geek.hr\/mobiteli\/wp-json\/wp\/v2\/tags?post=40706"}],"curies":[{"name":"wp","href":"https:\/\/api.w.org\/{rel}","templated":true}]}}