{"id":40856,"date":"2020-08-27T22:13:29","date_gmt":"2020-08-27T20:13:29","guid":{"rendered":"https:\/\/geek.hr\/mobiteli\/?p=40856"},"modified":"2020-08-27T22:13:30","modified_gmt":"2020-08-27T20:13:30","slug":"ceo-tiktoka-napustio-tvrtku-nakon-samo-tri-mjeseca","status":"publish","type":"post","link":"https:\/\/geek.hr\/mobiteli\/ceo-tiktoka-napustio-tvrtku-nakon-samo-tri-mjeseca\/","title":{"rendered":"CEO TikToka napustio tvrtku nakon samo tri mjeseca"},"content":{"rendered":"\n<p>Glavni izvr\u0161ni direktor TikToka Kevin Mayer  podnio je ostavku nakon manje od tri mjeseca otkako je do\u0161ao na tu du\u017enost, prenosi <em><a href=\"https:\/\/www.reuters.com\/article\/us-tiktok-ceo\/tiktok-ceo-kevin-mayer-quits-ft-idUSKBN25N0DV\" target=\"_blank\" rel=\"noreferrer noopener\">Reuters<\/a><\/em>.<\/p>\n\n\n\n<p>Na mjesto Mayera \u0107e privremeno do\u0107i Vanessa Pappas, generalna direktorica ove aplikacije za dijeljenje videozapisa u SAD-u. <\/p>\n\n\n\n<p>Do Mayerove ostavke je do\u0161lo samo nekoliko dana nakon \u0161to je TikTok tu\u017eio administraciju Donalda Trumpa zbog naredbe kojom se zabranjuju financijske transakcije TikToka u SAD-u.<\/p>\n\n\n\n<p>Kevin Mayer je bio CEO za streaming u tvrtki Walt Disney, prije nego \u0161to je 1. lipnja do\u0161ao u TikTok, a tako\u0111er je bio i glavni operativni direktor ByteDancea, mati\u010dne tvrtke TikToka.<\/p>\n\n\n\n<p>&#8220;Posljednjih tjedana, kako se politi\u010dko okru\u017eenje naglo promijenilo, razmi\u0161ljao sam puno o tome kakve \u0107e strukturalne promjene u tvrtki to zahtijevati i \u0161to to zna\u010di za globalnu poziciju koju sam preuzeo&#8221;, naveo je Mayer u svojoj ostavci. <\/p>\n\n\n\n<p>&#8220;U tom smislu i imaju\u0107i u vidu da o\u010dekujemo vrlo brzo dono\u0161enje odluke, te\u0161kog srca vas \u017eelim obavijestiti da sam odlu\u010dio napustiti tvrtku&#8221;, nadodao je Mayer. <\/p>\n\n\n\n<p>TikTok je u priop\u0107enju poslanom e-mailom potvrdio odlazak Mayera, uz zaklju\u010dak da su politi\u010dka doga\u0111anja u posljednjih nekoliko mjeseci &#8220;zna\u010dajno promijenila&#8221; opseg Mayerove pozicije. <\/p>\n","protected":false},"excerpt":{"rendered":"<p>Do Mayerove ostavke je do\u0161lo samo nekoliko dana nakon \u0161to je TikTok tu\u017eio administraciju Donalda Trumpa.<\/p>\n","protected":false},"author":10022,"featured_media":40857,"comment_status":"open","ping_status":"closed","sticky":false,"template":"","format":"standard","meta":{"_lmt_disableupdate":"","_lmt_disable":"","footnotes":""},"categories":[1],"tags":[3072,3074,3073,2914,2958],"class_list":["post-40856","post","type-post","status-publish","format-standard","has-post-thumbnail","hentry","category-mobiteli","tag-ceo","tag-mayer","tag-ostavka","tag-tiktok","tag-tvrtka"],"modified_by":null,"_links":{"self":[{"href":"https:\/\/geek.hr\/mobiteli\/wp-json\/wp\/v2\/posts\/40856","targetHints":{"allow":["GET"]}}],"collection":[{"href":"https:\/\/geek.hr\/mobiteli\/wp-json\/wp\/v2\/posts"}],"about":[{"href":"https:\/\/geek.hr\/mobiteli\/wp-json\/wp\/v2\/types\/post"}],"author":[{"embeddable":true,"href":"https:\/\/geek.hr\/mobiteli\/wp-json\/wp\/v2\/users\/10022"}],"replies":[{"embeddable":true,"href":"https:\/\/geek.hr\/mobiteli\/wp-json\/wp\/v2\/comments?post=40856"}],"version-history":[{"count":0,"href":"https:\/\/geek.hr\/mobiteli\/wp-json\/wp\/v2\/posts\/40856\/revisions"}],"wp:featuredmedia":[{"embeddable":true,"href":"https:\/\/geek.hr\/mobiteli\/wp-json\/wp\/v2\/media\/40857"}],"wp:attachment":[{"href":"https:\/\/geek.hr\/mobiteli\/wp-json\/wp\/v2\/media?parent=40856"}],"wp:term":[{"taxonomy":"category","embeddable":true,"href":"https:\/\/geek.hr\/mobiteli\/wp-json\/wp\/v2\/categories?post=40856"},{"taxonomy":"post_tag","embeddable":true,"href":"https:\/\/geek.hr\/mobiteli\/wp-json\/wp\/v2\/tags?post=40856"}],"curies":[{"name":"wp","href":"https:\/\/api.w.org\/{rel}","templated":true}]}}