{"id":46984,"date":"2021-01-12T17:33:05","date_gmt":"2021-01-12T16:33:05","guid":{"rendered":"https:\/\/geek.hr\/mobiteli\/?p=46984"},"modified":"2021-01-12T17:33:06","modified_gmt":"2021-01-12T16:33:06","slug":"whatsapp-korisnicima-postavio-ultimatum-podijelite-podatke-s-facebookom-ili-prestanite-koristiti-aplikaciju","status":"publish","type":"post","link":"https:\/\/geek.hr\/mobiteli\/whatsapp-korisnicima-postavio-ultimatum-podijelite-podatke-s-facebookom-ili-prestanite-koristiti-aplikaciju\/","title":{"rendered":"WhatsApp korisnicima postavio ultimatum: podijelite podatke s Facebookom ili prestanite koristiti aplikaciju"},"content":{"rendered":"\n<p>WhatsApp, aplikacija u vlasni\u0161tvu Facebooka koja je na glasu kao iznimno sigurna i privatna, postavio je svojim korisnicima svojevrsni ultimatum: moraju pristati na nove uvijete ili izbrisati svoj ra\u010dun. <\/p>\n\n\n\n<p>Zahtjev se isporu\u010duje putem upozorenja unutar aplikacija koje je upu\u0107eno korisnicima od kojih se o\u010dekuje da prihvate promjene u uvjetima kori\u0161tenja WhatsApp aplikacije. Oni koji ne prihvate izmijenjene uvjete privatnosti do 8. velja\u010de, vi\u0161e ne\u0107e mo\u0107i koristiti aplikaciju. <\/p>\n\n\n\n<p>Ubrzo nakon \u0161to je Facebook 2014. godine kupio WhatsApp za 19 milijardi dolara, njegovi su programeri ugradili vrhunsku end-to-end enkripciju. Taj potez je do\u017eivljen kao pobjeda zagovornika privatnosti jer se koristio Signal Protocol, shema \u0161ifriranja otvorenog koda \u010diji je izvorni kod pregledan i revidiran od strane mnogih neovisnih stru\u010dnjaka. <\/p>\n\n\n\n<p>U 2016. godini, WhatsApp je korisnicima pru\u017eio mogu\u0107nost da isklju\u010de dijeljenje podataka o ra\u010dunu s Facebookom. No, novim a\u017euriranim pravilima, to se mijenja. Od velja\u010de 2021. godine, korisnici vi\u0161e ne\u0107e imati mogu\u0107nost izbora. Neki od podataka koje WhatsApp prikuplja uklju\u010duju: <\/p>\n\n\n\n<ul class=\"wp-block-list\"><li>Telefonske brojeve korisnika aplikacije<\/li><li>Telefonske brojeve drugih korisnika iz va\u0161eg imenika<\/li><li>Imena profila<\/li><li>Profilne fotografije<\/li><li>Poruke statusa uklju\u010duju\u0107i i kad je korisnik zadnji put bio na mre\u017ei (last seen)<\/li><li>Dijagnosti\u010dke podatke prikupljene iz logova aplikacije<\/li><\/ul>\n\n\n\n<p>Prema novim uvjetima, Facebook zadr\u017eava pravo da prikupljene podatke dijeli sa svojim tvrtkama, pi\u0161e <em><a href=\"https:\/\/arstechnica.com\/tech-policy\/2021\/01\/whatsapp-users-must-share-their-data-with-facebook-or-stop-using-the-app\/?comments=1\" target=\"_blank\" rel=\"noreferrer noopener\">Ars Technica<\/a><\/em>.<\/p>\n\n\n\n<p>Ovaj potez tvrtke Facebook dolazi mjesec dana nakon \u0161to je Apple od proizvo\u0111a\u010da iOS aplikacija, uklju\u010duju\u0107i WhatsApp, po\u010deo zahtijevati detalje o tome koje podatke prikupljaju od korisnika. WhatsApp prema App Storeu zadr\u017eava pravo prikupljati sljede\u0107e podatke: <\/p>\n\n\n\n<ul class=\"wp-block-list\"><li>Podatke o kupnji <\/li><li>Financijske informacije <\/li><li>Podatke o lokaciji <\/li><li>Kontakte <\/li><li>Korisni\u010dki sadr\u017eaj <\/li><li>Identifikatore<\/li><li>Podatke o upotrebi i <\/li><li>Dijagnostiku<\/li><\/ul>\n","protected":false},"excerpt":{"rendered":"<p>Oni koji ne prihvate izmijenjene uvjete privatnosti do 8. velja\u010de, vi\u0161e ne\u0107e mo\u0107i koristiti aplikaciju. <\/p>\n","protected":false},"author":10022,"featured_media":46985,"comment_status":"open","ping_status":"closed","sticky":false,"template":"","format":"standard","meta":{"_lmt_disableupdate":"","_lmt_disable":"","footnotes":""},"categories":[1],"tags":[2842,163,3252,3253,1007],"class_list":["post-46984","post","type-post","status-publish","format-standard","has-post-thumbnail","hentry","category-mobiteli","tag-azuriranje","tag-facebook","tag-pravila","tag-uvjeti","tag-whatsapp"],"modified_by":null,"_links":{"self":[{"href":"https:\/\/geek.hr\/mobiteli\/wp-json\/wp\/v2\/posts\/46984","targetHints":{"allow":["GET"]}}],"collection":[{"href":"https:\/\/geek.hr\/mobiteli\/wp-json\/wp\/v2\/posts"}],"about":[{"href":"https:\/\/geek.hr\/mobiteli\/wp-json\/wp\/v2\/types\/post"}],"author":[{"embeddable":true,"href":"https:\/\/geek.hr\/mobiteli\/wp-json\/wp\/v2\/users\/10022"}],"replies":[{"embeddable":true,"href":"https:\/\/geek.hr\/mobiteli\/wp-json\/wp\/v2\/comments?post=46984"}],"version-history":[{"count":0,"href":"https:\/\/geek.hr\/mobiteli\/wp-json\/wp\/v2\/posts\/46984\/revisions"}],"wp:featuredmedia":[{"embeddable":true,"href":"https:\/\/geek.hr\/mobiteli\/wp-json\/wp\/v2\/media\/46985"}],"wp:attachment":[{"href":"https:\/\/geek.hr\/mobiteli\/wp-json\/wp\/v2\/media?parent=46984"}],"wp:term":[{"taxonomy":"category","embeddable":true,"href":"https:\/\/geek.hr\/mobiteli\/wp-json\/wp\/v2\/categories?post=46984"},{"taxonomy":"post_tag","embeddable":true,"href":"https:\/\/geek.hr\/mobiteli\/wp-json\/wp\/v2\/tags?post=46984"}],"curies":[{"name":"wp","href":"https:\/\/api.w.org\/{rel}","templated":true}]}}