{"id":47148,"date":"2021-02-19T20:35:51","date_gmt":"2021-02-19T19:35:51","guid":{"rendered":"https:\/\/geek.hr\/mobiteli\/?p=47148"},"modified":"2021-02-19T20:35:51","modified_gmt":"2021-02-19T19:35:51","slug":"twitter-trajno-zabranio-racun-project-veritasa","status":"publish","type":"post","link":"https:\/\/geek.hr\/mobiteli\/twitter-trajno-zabranio-racun-project-veritasa\/","title":{"rendered":"Twitter trajno zabranio ra\u010dun Project Veritasa"},"content":{"rendered":"\n<p>Twitter je u \u010detvrtak trajno zabranio ra\u010dun koji pripada Project Veritasu, konzervativnoj grupi koju je osnovao kontroverzni aktivist James O&#8217;Keefe. <\/p>\n\n\n\n<p>Do odluke je do\u0161lo nakon onoga \u0161to je glasnogovornik Twittera opisao za <em>CNN Business<\/em> kao opetovano kr\u0161enje pravila platforme koja zabranjuju dijeljenje ili prijetnje dijeljenjem tu\u0111ih privatnih podataka bez pristanka. <\/p>\n\n\n\n<p>Twitter je odbio re\u0107i koji su konkretni tweetovi mo\u017eda pokrenuli akciju izvr\u0161enja. No, u objavi na javnom Telegram kanalu Project Veritasa u \u010detvrtak popodne, grupa je rekla da je do blokade do\u0161lo nakon \u0161to je objavila video u kojem je potpredsjednik tvrtke Facebook. <\/p>\n\n\n\n<p>Naravno, Project Veritas se odlu\u010dio \u017ealiti na ovu odluku jer smatraju da nije povrije\u0111ena privatnost. <\/p>\n\n\n\n<p>Tako\u0111er, iz Twittera su potvrdili da je O&#8217;Keefov osobni ra\u010dun privremeno zaklju\u010dan zbog kr\u0161enja istih pravila, te da \u0107e O&#8217;Keefe morati ukloniti nasilni sadr\u017eaj prije nego \u0161to ponovno dobije dozvolu za kori\u0161tenje tweetova, prenosi <a href=\"https:\/\/edition.cnn.com\/2021\/02\/11\/tech\/twitter-project-veritas\/index.html\" target=\"_blank\" rel=\"noreferrer noopener\"><em>CNN<\/em><\/a>.<\/p>\n\n\n\n<p>Nakon nedavnih doga\u0111anja u SAD-u, vlasnici dru\u0161tvenih mre\u017ea su ozbiljno shvatili du\u017enost brige o tome kakve se informacije dijele, jesu li istinite i kakav utjecaj mogu imati na korisnike. Do sad su blokirani brojni ra\u010duni, a me\u0111u njima i onaj biv\u0161eg predsjednika Donalda Trumpa. <\/p>\n","protected":false},"excerpt":{"rendered":"<p>Iz Twittera su potvrdili da je i O&#8217;Keefov osobni ra\u010dun privremeno zaklju\u010dan zbog kr\u0161enja istih pravila<\/p>\n","protected":false},"author":10022,"featured_media":47149,"comment_status":"open","ping_status":"closed","sticky":false,"template":"","format":"standard","meta":{"_lmt_disableupdate":"","_lmt_disable":"","footnotes":""},"categories":[1],"tags":[3326,3325,134,3090],"class_list":["post-47148","post","type-post","status-publish","format-standard","has-post-thumbnail","hentry","category-mobiteli","tag-project-veritas","tag-racun","tag-twitter","tag-zabrana"],"modified_by":null,"_links":{"self":[{"href":"https:\/\/geek.hr\/mobiteli\/wp-json\/wp\/v2\/posts\/47148","targetHints":{"allow":["GET"]}}],"collection":[{"href":"https:\/\/geek.hr\/mobiteli\/wp-json\/wp\/v2\/posts"}],"about":[{"href":"https:\/\/geek.hr\/mobiteli\/wp-json\/wp\/v2\/types\/post"}],"author":[{"embeddable":true,"href":"https:\/\/geek.hr\/mobiteli\/wp-json\/wp\/v2\/users\/10022"}],"replies":[{"embeddable":true,"href":"https:\/\/geek.hr\/mobiteli\/wp-json\/wp\/v2\/comments?post=47148"}],"version-history":[{"count":0,"href":"https:\/\/geek.hr\/mobiteli\/wp-json\/wp\/v2\/posts\/47148\/revisions"}],"wp:featuredmedia":[{"embeddable":true,"href":"https:\/\/geek.hr\/mobiteli\/wp-json\/wp\/v2\/media\/47149"}],"wp:attachment":[{"href":"https:\/\/geek.hr\/mobiteli\/wp-json\/wp\/v2\/media?parent=47148"}],"wp:term":[{"taxonomy":"category","embeddable":true,"href":"https:\/\/geek.hr\/mobiteli\/wp-json\/wp\/v2\/categories?post=47148"},{"taxonomy":"post_tag","embeddable":true,"href":"https:\/\/geek.hr\/mobiteli\/wp-json\/wp\/v2\/tags?post=47148"}],"curies":[{"name":"wp","href":"https:\/\/api.w.org\/{rel}","templated":true}]}}