{"id":48786,"date":"2023-05-20T03:56:28","date_gmt":"2023-05-20T01:56:28","guid":{"rendered":"https:\/\/geek.hr\/mobiteli\/?p=48786"},"modified":"2023-05-20T03:56:29","modified_gmt":"2023-05-20T01:56:29","slug":"iphone-ce-moci-replicirati-vas-glas-nakon-samo-15-minuta-treninga","status":"publish","type":"post","link":"https:\/\/geek.hr\/mobiteli\/iphone-ce-moci-replicirati-vas-glas-nakon-samo-15-minuta-treninga\/","title":{"rendered":"iPhone \u0107e mo\u0107i replicirati va\u0161 glas nakon samo 15 minuta treninga"},"content":{"rendered":"\n<p id=\"tw-target-text\">Apple je najavio niz novih alata za pristupa\u010dnost koji \u0107e se pojaviti na novijim verzijama iPhonea i iPada, uklju\u010duju\u0107i zna\u010dajku koja obe\u0107ava repliciranje glasa korisnika za telefonske pozive nakon samo 15 minuta obuke.<br><br>S nadolaze\u0107im alatom nazvanim Personal Voice, korisnici \u0107e mo\u0107i \u010ditati tekstualne upute za snimanje zvuka i omogu\u0107iti tehnologiji da nau\u010di njihov glas. Povezana zna\u010dajka pod nazivom Live Speech zatim \u0107e koristiti &#8220;sintetizirani glas&#8221; za \u010ditanje teksta koji je korisnik upisao naglas tijekom telefonskih poziva, FaceTime razgovora i osobnih razgovora. Ljudi \u0107e tako\u0111er mo\u0107i spremiti \u010desto kori\u0161tene fraze za kori\u0161tenje tijekom razgovora u\u017eivo.<br><br>Zna\u010dajka je jedna od nekoliko \u010diji je cilj u\u010diniti Appleove ure\u0111aje inkluzivnijima za osobe s kognitivnim pote\u0161ko\u0107ama, o\u0161te\u0107enjima vida, sluha i pokretljivosti. U Appleu navode da bi ljudi koji s vremenom gube glas, primjerice oni koji pate od ALS-a (amiotrofi\u010dna lateralna skleroza), mogli imati najvi\u0161e koristi od tog alata.<\/p>\n\n\n\n<figure class=\"wp-block-embed aligncenter is-type-rich is-provider-twitter wp-block-embed-twitter\"><div class=\"wp-block-embed__wrapper\">\n<blockquote class=\"twitter-tweet\" data-width=\"550\" data-dnt=\"true\"><p lang=\"en\" dir=\"ltr\">New iPhone can &#39;learn user&#39;s voice&#39; in 15 minutes: Apple <a href=\"https:\/\/t.co\/cpfMRXbOLs\">https:\/\/t.co\/cpfMRXbOLs<\/a><\/p>&mdash; NewsNation (@NewsNation) <a href=\"https:\/\/twitter.com\/NewsNation\/status\/1659208706322743303?ref_src=twsrc%5Etfw\" target=\"_blank\" rel=\"noopener\">May 18, 2023<\/a><\/blockquote><script async src=\"https:\/\/platform.twitter.com\/widgets.js\" charset=\"utf-8\"><\/script>\n<\/div><\/figure>\n\n\n\n<p id=\"tw-target-text\">&#8220;Pristupa\u010dnost je dio svega \u0161to radimo u Appleu&#8221;, rekla je Sarah Herrlinger, Appleova vi\u0161a direktorica. &#8220;Ove revolucionarne zna\u010dajke dizajnirane su uz povratne informacije \u010dlanova zajednica osoba s invaliditetom na svakom koraku, kako bi podr\u017eale raznolik skup korisnika i pomogle ljudima da se pove\u017eu na nove na\u010dine.&#8221;<br><br>Iz Applea iznose da \u0107e se zna\u010dajke pojaviti kasnije ove godine. Iako ovi alati imaju potencijal zadovoljiti istinsku potrebu, oni tako\u0111er dolaze u trenutku kada je napredak u umjetnoj inteligenciji podigao svojevrsnu uzbunu zbog ogromnih mogu\u0107nosti la\u017eiranja, ponajvi\u0161e poznatih kao &#8220;deep fakes&#8221;.<\/p>\n\n\n\n<p id=\"tw-target-text\"><a href=\"https:\/\/www.apple.com\/newsroom\/2023\/05\/apple-previews-live-speech-personal-voice-and-more-new-accessibility-features\/\" target=\"_blank\" rel=\"noreferrer noopener\">U postu na svom blogu<\/a>, iz Applea ka\u017eu da zna\u010dajka Personal Voice koristi strojno u\u010denje na ure\u0111aju kako bi informacije korisnika bile privatne i sigurne. Druge tehnolo\u0161ke tvrtke eksperimentirale su s kori\u0161tenjem umjetne inteligencije za repliciranje glasa. Pro\u0161le godine Amazon je rekao da radi na a\u017euriranju svog Alexa sustava koji bi omogu\u0107io tehnologiji opona\u0161anje bilo kojeg glasa, \u010dak i preminulog \u010dlana obitelji.<br><br>Uz glasovne zna\u010dajke, Apple je najavio Assistive Access, koji kombinira neke od najpopularnijih iOS aplikacija, kao \u0161to su FaceTime, poruke, kamera, fotografije, glazba i telefon, u jednu aplikaciju za pozive.<br><\/p>\n","protected":false},"excerpt":{"rendered":"<p>Apple je najavio niz novih alata za pristupa\u010dnost koji \u0107e se pojaviti na novijim verzijama iPhonea i iPada, uklju\u010duju\u0107i zna\u010dajku koja obe\u0107ava repliciranje glasa korisnika za telefonske pozive nakon samo 15 minuta obuke. S nadolaze\u0107im alatom nazvanim Personal Voice, korisnici \u0107e mo\u0107i \u010ditati tekstualne upute za snimanje zvuka i omogu\u0107iti tehnologiji da nau\u010di njihov glas. [&hellip;]<\/p>\n","protected":false},"author":10022,"featured_media":48788,"comment_status":"closed","ping_status":"closed","sticky":false,"template":"","format":"standard","meta":{"_lmt_disableupdate":"","_lmt_disable":"","footnotes":""},"categories":[3569,1],"tags":[3598,3597,26,173],"class_list":["post-48786","post","type-post","status-publish","format-standard","has-post-thumbnail","hentry","category-apple","category-mobiteli","tag-glas","tag-ipad","tag-iphone","tag-mobitel"],"modified_by":null,"_links":{"self":[{"href":"https:\/\/geek.hr\/mobiteli\/wp-json\/wp\/v2\/posts\/48786","targetHints":{"allow":["GET"]}}],"collection":[{"href":"https:\/\/geek.hr\/mobiteli\/wp-json\/wp\/v2\/posts"}],"about":[{"href":"https:\/\/geek.hr\/mobiteli\/wp-json\/wp\/v2\/types\/post"}],"author":[{"embeddable":true,"href":"https:\/\/geek.hr\/mobiteli\/wp-json\/wp\/v2\/users\/10022"}],"replies":[{"embeddable":true,"href":"https:\/\/geek.hr\/mobiteli\/wp-json\/wp\/v2\/comments?post=48786"}],"version-history":[{"count":1,"href":"https:\/\/geek.hr\/mobiteli\/wp-json\/wp\/v2\/posts\/48786\/revisions"}],"predecessor-version":[{"id":48789,"href":"https:\/\/geek.hr\/mobiteli\/wp-json\/wp\/v2\/posts\/48786\/revisions\/48789"}],"wp:featuredmedia":[{"embeddable":true,"href":"https:\/\/geek.hr\/mobiteli\/wp-json\/wp\/v2\/media\/48788"}],"wp:attachment":[{"href":"https:\/\/geek.hr\/mobiteli\/wp-json\/wp\/v2\/media?parent=48786"}],"wp:term":[{"taxonomy":"category","embeddable":true,"href":"https:\/\/geek.hr\/mobiteli\/wp-json\/wp\/v2\/categories?post=48786"},{"taxonomy":"post_tag","embeddable":true,"href":"https:\/\/geek.hr\/mobiteli\/wp-json\/wp\/v2\/tags?post=48786"}],"curies":[{"name":"wp","href":"https:\/\/api.w.org\/{rel}","templated":true}]}}