{"id":49446,"date":"2024-09-05T15:34:08","date_gmt":"2024-09-05T13:34:08","guid":{"rendered":"https:\/\/geek.hr\/mobiteli\/?p=49446"},"modified":"2024-09-05T15:39:29","modified_gmt":"2024-09-05T13:39:29","slug":"tele2-ostaje-bez-izvrsnog-direktora","status":"publish","type":"post","link":"https:\/\/geek.hr\/mobiteli\/tele2-ostaje-bez-izvrsnog-direktora\/","title":{"rendered":"Tele2 ostaje bez izvr\u0161nog direktora"},"content":{"rendered":"\n<p class=\"has-drop-cap\">Tele2 je otkrio da iskusni izvr\u0161ni direktor ove telekomunikacijske tvrtke, Kjell Johnsen, napu\u0161ta svoju poziciju izvr\u0161nog direktora, a u tijeku je potraga za nasljednikom. Johnsen je preuzeo funkciju izvr\u0161nog direktora prije \u010detiri godine i ostat \u0107e u Tele2 dok se ne osigura zamjena.<\/p>\n\n\n\n<figure class=\"wp-block-embed is-type-rich is-provider-twitter wp-block-embed-twitter\"><div class=\"wp-block-embed__wrapper\">\n<blockquote class=\"twitter-tweet\" data-width=\"550\" data-dnt=\"true\"><p lang=\"sv\" dir=\"ltr\">Kjell Johnsen l\u00e4mnar som VD f\u00f6r Tele2 <a href=\"https:\/\/t.co\/CtcJFuDG2j\">https:\/\/t.co\/CtcJFuDG2j<\/a> <a href=\"https:\/\/t.co\/uigqQ8pLvp\">pic.twitter.com\/uigqQ8pLvp<\/a><\/p>&mdash; Cision News (@CisionNews) <a href=\"https:\/\/twitter.com\/CisionNews\/status\/1831361856512086302?ref_src=twsrc%5Etfw\" target=\"_blank\" rel=\"noopener\">September 4, 2024<\/a><\/blockquote><script async src=\"https:\/\/platform.twitter.com\/widgets.js\" charset=\"utf-8\"><\/script>\n<\/div><\/figure>\n\n\n\n<p>Tele2 ponudio je jamstva da njegov odbor dobije slo\u017eeniji proces za osiguravanje svog sljede\u0107eg izvr\u0161nog direktora, \u0161to uklju\u010duje Johnsenovu ponudu pomo\u0107i u tranziciji. Predsjedavaju\u0107i Thomas Reynaud rekao je da je Johnsen pomogao kompaniji da uspostavi &#8220;sna\u017ene temelje za izgradnju&#8221; tijekom svog mandata, nakon \u0161to je dao &#8220;zna\u010dajan doprinos&#8221; razvoju operatera.<\/p>\n\n\n\n<p>Johnsen je tako\u0111er izrazio zadovoljstvo svojim mandatom na mjestu izvr\u0161nog direktora, posebno &#8220;povratkom rastu u svim glavnim podru\u010djima sa sna\u017enom bilancom i nov\u010danim tokom&#8221;. Istaknuo je potez da se iskoristi Tele2-ova &#8220;kultura izaziva\u010da&#8221; zajedno s &#8220;o\u0161trim fokusom na odr\u017eivost&#8221;, ali je objasnio da je &#8220;sada pravo vrijeme da preda palicu&#8221;.<\/p>\n\n\n\n<p>Kada je Johnsen predstavio zaradu Tele2 za drugo tromjese\u010dje, spomenuo je da je u tom razdoblju postignuta &#8220;najve\u0107a tehnolo\u0161ka transformacija koju je \u0161vedska telekomunikacijska industrija ikada do\u017eivjela&#8221;, a sama tvrtka tako\u0111er je istaknula razne nagrade za odr\u017eivost osvojene tijekom tog razdoblja.<\/p>\n\n\n\n<p>Johnsen je rekao da je postignut &#8220;dobar napredak i solidna financijska izvedba&#8221;, jer je Tele2 zabilje\u017eio odre\u0111eni rast prihoda iz godine u godinu i zadr\u017eao profitabilnost.<\/p>\n","protected":false},"excerpt":{"rendered":"<p>Johnsen je rekao da je postignut &#8220;dobar napredak i solidna financijska izvedba&#8221;, jer je Tele2 zabilje\u017eio odre\u0111eni rast prihoda iz godine u godinu&#8230;<\/p>\n","protected":false},"author":10022,"featured_media":49449,"comment_status":"closed","ping_status":"closed","sticky":false,"template":"","format":"standard","meta":{"_lmt_disableupdate":"","_lmt_disable":"","footnotes":""},"categories":[1],"tags":[3653,3663,3664],"class_list":["post-49446","post","type-post","status-publish","format-standard","has-post-thumbnail","hentry","category-mobiteli","tag-geek","tag-kjell-johnsen","tag-tele2"],"modified_by":null,"_links":{"self":[{"href":"https:\/\/geek.hr\/mobiteli\/wp-json\/wp\/v2\/posts\/49446","targetHints":{"allow":["GET"]}}],"collection":[{"href":"https:\/\/geek.hr\/mobiteli\/wp-json\/wp\/v2\/posts"}],"about":[{"href":"https:\/\/geek.hr\/mobiteli\/wp-json\/wp\/v2\/types\/post"}],"author":[{"embeddable":true,"href":"https:\/\/geek.hr\/mobiteli\/wp-json\/wp\/v2\/users\/10022"}],"replies":[{"embeddable":true,"href":"https:\/\/geek.hr\/mobiteli\/wp-json\/wp\/v2\/comments?post=49446"}],"version-history":[{"count":3,"href":"https:\/\/geek.hr\/mobiteli\/wp-json\/wp\/v2\/posts\/49446\/revisions"}],"predecessor-version":[{"id":49451,"href":"https:\/\/geek.hr\/mobiteli\/wp-json\/wp\/v2\/posts\/49446\/revisions\/49451"}],"wp:featuredmedia":[{"embeddable":true,"href":"https:\/\/geek.hr\/mobiteli\/wp-json\/wp\/v2\/media\/49449"}],"wp:attachment":[{"href":"https:\/\/geek.hr\/mobiteli\/wp-json\/wp\/v2\/media?parent=49446"}],"wp:term":[{"taxonomy":"category","embeddable":true,"href":"https:\/\/geek.hr\/mobiteli\/wp-json\/wp\/v2\/categories?post=49446"},{"taxonomy":"post_tag","embeddable":true,"href":"https:\/\/geek.hr\/mobiteli\/wp-json\/wp\/v2\/tags?post=49446"}],"curies":[{"name":"wp","href":"https:\/\/api.w.org\/{rel}","templated":true}]}}