{"id":49544,"date":"2024-09-24T15:18:56","date_gmt":"2024-09-24T13:18:56","guid":{"rendered":"https:\/\/geek.hr\/mobiteli\/?p=49544"},"modified":"2024-09-24T15:18:57","modified_gmt":"2024-09-24T13:18:57","slug":"pozitivan-trend-kalifornija-takoder-ogranicava-koristenje-mobitela-u-skolama","status":"publish","type":"post","link":"https:\/\/geek.hr\/mobiteli\/pozitivan-trend-kalifornija-takoder-ogranicava-koristenje-mobitela-u-skolama\/","title":{"rendered":"Pozitivan trend: Kalifornija tako\u0111er ograni\u010dava kori\u0161tenje mobitela u \u0161kolama!"},"content":{"rendered":"\n<p class=\"has-drop-cap\">Guverner Kalifornije, Gavin Newsom, potpisao je zakon koji zahtijeva od \u0161kola u svojoj saveznoj dr\u017eavi da ograni\u010de ili zabrane kori\u0161tenje pametnih telefona, rje\u0161avaju\u0107i sve ve\u0107u zabrinutost oko utjecaja prekomjernog provedenog vremena ispred ekrana na mentalno zdravlje u\u010denika. Ovaj potez slijedi sli\u010dne akcije koje je poduzelo 13 drugih dr\u017eava ove godine, slijede\u0107i Floridu koja je prva zabranila upotrebu telefona u u\u010dionicama.<\/p>\n\n\n\n<figure class=\"wp-block-embed is-type-rich is-provider-twitter wp-block-embed-twitter\"><div class=\"wp-block-embed__wrapper\">\n<blockquote class=\"twitter-tweet\" data-width=\"550\" data-dnt=\"true\"><p lang=\"en\" dir=\"ltr\">Some good news from CA. Really glad to see awareness building around the documented threat that cell phones pose to our children\u2019s\u2019 mental health.<a href=\"https:\/\/t.co\/t6z99lN5WH\">https:\/\/t.co\/t6z99lN5WH<\/a> <a href=\"https:\/\/t.co\/pF4qniNoLl\">pic.twitter.com\/pF4qniNoLl<\/a><\/p>&mdash; Monica_Harris (@Monica_Y_Harris) <a href=\"https:\/\/twitter.com\/Monica_Y_Harris\/status\/1838558146559979740?ref_src=twsrc%5Etfw\" target=\"_blank\" rel=\"noopener\">September 24, 2024<\/a><\/blockquote><script async src=\"https:\/\/platform.twitter.com\/widgets.js\" charset=\"utf-8\"><\/script>\n<\/div><\/figure>\n\n\n\n<p>Zakon, koji je dobio ogromnu podr\u0161ku i u dr\u017eavnoj skup\u0161tini i u Senatu, utje\u010de na gotovo 5,9 milijuna u\u010denika javnih \u0161kola u Kaliforniji. Od \u0161kolskih okruga zahtijeva se da do 1. srpnja 2026. formuliraju politike kojima se ograni\u010dava pristup pametnim telefonima, s a\u017euriranjem svakih pet godina. Inicijativa je u skladu s politikom u okrugu Los Angelesa koja je donijeta u lipnju, gdje su pametni telefoni zabranjeni za 429.000 u\u010denika. Istog mjeseca, \u0161ef slu\u017ebe javnog zdravlja SAD-a, Vivek Murthy, zalo\u017eio se za oznake upozorenja na dru\u0161tvenim mre\u017eama, uspore\u0111uju\u0107i situaciju s hitnim stanjem mentalnog zdravlja.<\/p>\n\n\n\n<p>Murthy je citirao <a href=\"https:\/\/jamanetwork.com\/journals\/jamapsychiatry\/fullarticle\/2749480\" target=\"_blank\" rel=\"noopener\">studiju objavljenu u \u010dasopisu JAMA<\/a>, koja je otkrila da se adolescenti koji provode vi\u0161e od tri sata dnevno na dru\u0161tvenim mre\u017eama suo\u010davaju s &#8220;pove\u0107anim rizikom problema mentalnog zdravlja&#8221;. Ovo istra\u017eivanje, koje je uklju\u010divalo 6.595 ameri\u010dkih adolescenata, pokazalo je izravnu povezanost izme\u0111u kori\u0161tenja dru\u0161tvenih medija i pove\u0107anih stopa internaliziranih problema.<\/p>\n\n\n\n<p>Newsom je naglasio da ovaj zakon ima za cilj pomo\u0107i studentima da se usredoto\u010de na akademske i dru\u0161tvene interakcije, rekav\u0161i da pretjerano kori\u0161tenje pametnih telefona dovodi do tjeskobe, depresije i drugih problema s mentalnim zdravljem, a ovaj novi zakon pomo\u0107i \u0107e u\u010denicima da se &#8220;usredoto\u010de na svijet ispred sebe&#8221;.<\/p>\n","protected":false},"excerpt":{"rendered":"<p>Guverner Kalifornije, Gavin Newsom, potpisao je zakon koji zahtijeva od \u0161kola u svojoj saveznoj dr\u017eavi da ograni\u010de ili zabrane kori\u0161tenje pametnih telefona, rje\u0161avaju\u0107i sve ve\u0107u zabrinutost oko utjecaja prekomjernog provedenog vremena ispred ekrana na mentalno zdravlje u\u010denika. Ovaj potez slijedi sli\u010dne akcije koje je poduzelo 13 drugih dr\u017eava ove godine, slijede\u0107i Floridu koja je prva [&hellip;]<\/p>\n","protected":false},"author":10022,"featured_media":49547,"comment_status":"closed","ping_status":"closed","sticky":false,"template":"","format":"standard","meta":{"_lmt_disableupdate":"","_lmt_disable":"","footnotes":""},"categories":[1],"tags":[3679,3671,3677,3678],"class_list":["post-49544","post","type-post","status-publish","format-standard","has-post-thumbnail","hentry","category-mobiteli","tag-gavin-newsom","tag-geek-hr","tag-kalifornija","tag-ogranicenje-koristenja-mobitela"],"modified_by":null,"_links":{"self":[{"href":"https:\/\/geek.hr\/mobiteli\/wp-json\/wp\/v2\/posts\/49544","targetHints":{"allow":["GET"]}}],"collection":[{"href":"https:\/\/geek.hr\/mobiteli\/wp-json\/wp\/v2\/posts"}],"about":[{"href":"https:\/\/geek.hr\/mobiteli\/wp-json\/wp\/v2\/types\/post"}],"author":[{"embeddable":true,"href":"https:\/\/geek.hr\/mobiteli\/wp-json\/wp\/v2\/users\/10022"}],"replies":[{"embeddable":true,"href":"https:\/\/geek.hr\/mobiteli\/wp-json\/wp\/v2\/comments?post=49544"}],"version-history":[{"count":2,"href":"https:\/\/geek.hr\/mobiteli\/wp-json\/wp\/v2\/posts\/49544\/revisions"}],"predecessor-version":[{"id":49548,"href":"https:\/\/geek.hr\/mobiteli\/wp-json\/wp\/v2\/posts\/49544\/revisions\/49548"}],"wp:featuredmedia":[{"embeddable":true,"href":"https:\/\/geek.hr\/mobiteli\/wp-json\/wp\/v2\/media\/49547"}],"wp:attachment":[{"href":"https:\/\/geek.hr\/mobiteli\/wp-json\/wp\/v2\/media?parent=49544"}],"wp:term":[{"taxonomy":"category","embeddable":true,"href":"https:\/\/geek.hr\/mobiteli\/wp-json\/wp\/v2\/categories?post=49544"},{"taxonomy":"post_tag","embeddable":true,"href":"https:\/\/geek.hr\/mobiteli\/wp-json\/wp\/v2\/tags?post=49544"}],"curies":[{"name":"wp","href":"https:\/\/api.w.org\/{rel}","templated":true}]}}