{"id":1154,"date":"2010-04-22T10:10:25","date_gmt":"2010-04-22T10:10:25","guid":{"rendered":"http:\/\/znanost.geek.hr\/wp\/obiljeava-se-jubilarni-40-dan-planeta-zemlje\/"},"modified":"2020-10-15T15:12:26","modified_gmt":"2020-10-15T13:12:26","slug":"obiljezava-se-jubilarni-40-dan-planeta-zemlje","status":"publish","type":"post","link":"https:\/\/geek.hr\/znanost\/clanak\/obiljezava-se-jubilarni-40-dan-planeta-zemlje\/","title":{"rendered":"Obilje\u017eava se jubilarni 40. Dan planeta Zemlje"},"content":{"rendered":"<p>Dan planeta Zemlje ove se godine obilje\u017eava po 40. put i to u 20.000 organizacija i oko 190 zemalja svijeta pa tako i u Hrvatskoj.<\/p>\n<p>Sve je po\u010delo 1970. u Sjedinjenim Ameri\u010dkim Dr\u017eavama, od kada prvi puta obilje\u017eavamo ovaj dan, \u010dime je neslu\u017ebeno zapo\u010det moderni pokret za za\u0161titu okoli\u0161a. `Pokret` je osnovao ameri\u010dki senator Gaylord Nelson, kojega su zanimali problemi poput prenapu\u010denosti, zaga\u0111enja, izumiranja vrsta i druge te\u0161ko\u0107e koje poga\u0111aju planet i okoli\u0161.<\/p>\n<p>U Hrvatskoj se Dan planeta Zemlje obilje\u017eava od 1990. godine. Ovogodi\u0161nji <a href=\"https:\/\/www.earthday.org\/\" target=\"_blank\" rel=\"noopener noreferrer\">Dan planeta Zemlje<\/a> obilje\u017eit \u0107e po\u010detak dvogodi\u0161nje kampanje \u010diji je slogan \u2013 &#8220;Zelena generacija&#8221; (<em>Green Generation Campaign<\/em>), s naglaskom na osobni doprinos svakoga od nas pod sloganom &#8220;Milijarda zelenih djela&#8221; (<em>A Billion Acts of Green<\/em>).<\/p>\n<p>&#8220;Kao ministarstvo nadle\u017eno za razvoj sustava za\u0161tite okoli\u0161a, pozivamo vas da nam pomognete u naporima u o\u010duvanju okoli\u0161a, izgradnji zdravoga i modernog sustava za\u0161tite okoli\u0161a&#8221;, istaknula je u izjavi za Hinu ministrica Matulovi\u0107-Dropuli\u0107 i poru\u010dila kako &#8220;za\u0161titu okoli\u0161a, bioraznolikost, \u010distu i obnovljivu energiju uzmemo kao svoj program odr\u017eivog razvoja &#8211; jedinog mogu\u0107eg razvoja koji \u0107e donijeti prosperitet Hrvatskoj i kojim \u0107e se o\u010duvati \u017eivot na Zemlji&#8221;.<\/p>\n<p>Organizatori su pripremili sedmodnevnu proslavu. Doga\u0111anja su smje\u0161tena na Cvjetnom trgu i u Novinarskom domu u Zagrebu, a u svim dijelovima Hrvatske na valovima Narodnog radija, zatim na Medvednici i u Zoolo\u0161kom vrtu u Zagrebu, a sve to u razdoblju od 17. do 25. travnja. Raspored doga\u0111anja pogledajte na stranici <a href=\"http:\/\/biologija.com.hr\/modules\/eguide\/event.php?eid=310\" target=\"_blank\" rel=\"noopener noreferrer\">Biologija.com<\/a>.<\/p>\n<p>&#8220;Znanost i tehnologija danas su na visokom stupnju razvoja i imamo sve preduvjete za usvajanje i promoviranje odr\u017eivog razvitka. Visoka je i svijest o potrebi za\u0161tite okoli\u0161a. Dakle, postoji znanje, razvijene su tehnologije i svi mi \u017eelimo \u010disti okoli\u0161, zdravu prirodu, \u010diste \u0161ume, more, rijeke. Ali, kad se op\u0107eprihva\u0107ene definicije primjenjuju na lokalnu razinu, javljaju se drugi interesi, na\u0161i osobni, a ne globalni&#8221;, naglasila je Matulovi\u0107-Dropuli\u0107.<\/p>\n<p>Dan planeta Zemlje dan je kada bi se trebali prisjetiti kako imamo samo jedan dom i trebamo ga dr\u017eati \u010distim, pi\u0161e <a href=\"http:\/\/www.jutarnji.hr\/Fotogalerije\/dan-planeta-covjekov-utjecaj-na-zemlju\/3160871\/\" target=\"_blank\" rel=\"noopener noreferrer\">Jutarnji.hr<\/a> koji je objavio i zanimljivu fotogaleriju prigodnih \u2018eko\u2019 snimaka diljem svijeta. Pojedinac danas nosi odgovornost za planet na kojem \u017eivi i vi\u0161e se ne mo\u017ee skrivati iza mase i dru\u0161tva. Recikliranje i ekologija postaju poput osobne higijene \u010dovjeka, a nas zanima, kako Vi doprinosite i kako obilje\u017eavate Dan planeta Zemlje?<\/p>\n","protected":false},"excerpt":{"rendered":"<p>Dan planeta Zemlje ove se godine obilje\u017eava po 40. put i to u 20.000 organizacija i oko 190 zemalja svijeta pa tako i u Hrvatskoj. Sve je po\u010delo 1970. u Sjedinjenim Ameri\u010dkim Dr\u017eavama, od kada prvi puta obilje\u017eavamo ovaj dan, \u010dime je neslu\u017ebeno zapo\u010det moderni pokret za za\u0161titu okoli\u0161a. `Pokret` je osnovao ameri\u010dki senator Gaylord [&hellip;]<\/p>\n","protected":false},"author":10022,"featured_media":21015202,"comment_status":"open","ping_status":"open","sticky":false,"template":"","format":"standard","meta":{"_lmt_disableupdate":"","_lmt_disable":"","footnotes":""},"categories":[16372],"tags":[16570],"class_list":["post-1154","post","type-post","status-publish","format-standard","has-post-thumbnail","hentry","category-ekologija-i-okolis","tag-okolis"],"modified_by":null,"_links":{"self":[{"href":"https:\/\/geek.hr\/znanost\/wp-json\/wp\/v2\/posts\/1154","targetHints":{"allow":["GET"]}}],"collection":[{"href":"https:\/\/geek.hr\/znanost\/wp-json\/wp\/v2\/posts"}],"about":[{"href":"https:\/\/geek.hr\/znanost\/wp-json\/wp\/v2\/types\/post"}],"author":[{"embeddable":true,"href":"https:\/\/geek.hr\/znanost\/wp-json\/wp\/v2\/users\/10022"}],"replies":[{"embeddable":true,"href":"https:\/\/geek.hr\/znanost\/wp-json\/wp\/v2\/comments?post=1154"}],"version-history":[{"count":0,"href":"https:\/\/geek.hr\/znanost\/wp-json\/wp\/v2\/posts\/1154\/revisions"}],"wp:featuredmedia":[{"embeddable":true,"href":"https:\/\/geek.hr\/znanost\/wp-json\/wp\/v2\/media\/21015202"}],"wp:attachment":[{"href":"https:\/\/geek.hr\/znanost\/wp-json\/wp\/v2\/media?parent=1154"}],"wp:term":[{"taxonomy":"category","embeddable":true,"href":"https:\/\/geek.hr\/znanost\/wp-json\/wp\/v2\/categories?post=1154"},{"taxonomy":"post_tag","embeddable":true,"href":"https:\/\/geek.hr\/znanost\/wp-json\/wp\/v2\/tags?post=1154"}],"curies":[{"name":"wp","href":"https:\/\/api.w.org\/{rel}","templated":true}]}}