{"id":15391,"date":"2011-12-02T21:41:53","date_gmt":"2011-12-02T21:41:53","guid":{"rendered":"http:\/\/znanost.geek.hr\/?p=15391"},"modified":"2020-10-15T15:00:01","modified_gmt":"2020-10-15T13:00:01","slug":"majanski-kalendar-kraj-je-jednog-vremenskog-ciklusa","status":"publish","type":"post","link":"https:\/\/geek.hr\/znanost\/clanak\/majanski-kalendar-kraj-je-jednog-vremenskog-ciklusa\/","title":{"rendered":"&#8216;Majanski kalendar kraj je jednog vremenskog ciklusa&#8217;"},"content":{"rendered":"<p>Jo\u0161 ste zabrinuti i zbunjeni oko najava sudnjeg dana idu\u0107e godine, kako su &#8216;predvidjele&#8217; Maje?<\/p>\n<p>Ako jeste, opustite se. Ni\u0161ta od toga. Tako barem tvrde stru\u010dnjaci za kulturu i povijest majanske civilizacije, koji \u017eele prekinuti vjerovanja kako su stare Maje predvidjele kraj svijeta idu\u0107e godine, prenosi Reuters.<\/p>\n<p>Majanski kalendar ozna\u010dava kraj ciklusa od 5.126 godina 12.12.2012. godine, a po njemu bi tada trebala po\u010deti era boga Bolona Yoktea, kojeg se povezuje s ratovanjem i stvaranjem. Knjiga iz 1987. godine autora Josea Arguellesa &#8216;Kraj vremena kako ga poznajemo&#8217; u me\u0111uvremenu je stvorila pravu vojsku majanskih teoreti\u010dara, \u010dije nevjerojatne teorije uglavnom pronalazimo putem interneta.<\/p>\n<p>No, stru\u010dnjaci tvrde kako je rije\u010d o najjednostavnijem kraju jednog vremenskog ciklusa i po\u010detku novog. Ni\u0161ta spektakularno oko toga. &#8216;Da budemo posve jasni. Ne postoji proro\u010danstvo za 2012. godinu&#8217;, istaknuo je Erik Velasquez s nacionalnog autonomnog sveu\u010dili\u0161ta Meksiko. &#8216;To je marketin\u0161ka budala\u0161tina&#8217;, dodao je.<\/p>\n<p>Nacionalni institut za antropolo\u0161ku povijest u Meksiku krivca za takvo razmi\u0161ljanje o kraju svijeta &#8216;na majanski na\u010din&#8217;, okrivljuje &#8216;zapadnja\u010dko mesijansko razmi\u0161ljanje, koje je iskrivilo pogled svijeta na stare civilizacije poput Maja&#8217;.<\/p>\n<p>Majanski kalendar po\u010dinje 3.114 godine prije ro\u0111enja Krista i podijeljen je ugrubo u periode od 394 godine, koji se jo\u0161 nazivaju i baktuni. Majama je broj 13 bio sveti broj i 13 baktun zavr\u0161ava zapravo idu\u0107e godine.<\/p>\n<p>&#8216;Ono \u0161to se doga\u0111a zapravo jest da mi projiciramo svoje brige na na\u010din na koji su Maje razmi\u0161ljale i koji nema veze s modernim na\u010dinom razmi\u0161ljanja&#8217;, istaknuo je Alfonso Ladena, profesor Sveu\u010dili\u0161ta u Madridu.<\/p>\n","protected":false},"excerpt":{"rendered":"<p>Jo\u0161 ste zabrinuti i zbunjeni oko najava sudnjeg dana idu\u0107e godine, kako su &#8216;predvidjele&#8217; Maje? Ako jeste, opustite se. Ni\u0161ta od toga. Tako barem tvrde stru\u010dnjaci za kulturu i povijest majanske civilizacije, koji \u017eele prekinuti vjerovanja kako su stare Maje predvidjele kraj svijeta idu\u0107e godine, prenosi Reuters. Majanski kalendar ozna\u010dava kraj ciklusa od 5.126 godina [&hellip;]<\/p>\n","protected":false},"author":10022,"featured_media":15392,"comment_status":"open","ping_status":"open","sticky":false,"template":"","format":"standard","meta":{"_lmt_disableupdate":"","_lmt_disable":"","footnotes":""},"categories":[16337],"tags":[17030],"class_list":["post-15391","post","type-post","status-publish","format-standard","has-post-thumbnail","hentry","category-drustvene-znanosti","tag-maje"],"modified_by":null,"_links":{"self":[{"href":"https:\/\/geek.hr\/znanost\/wp-json\/wp\/v2\/posts\/15391","targetHints":{"allow":["GET"]}}],"collection":[{"href":"https:\/\/geek.hr\/znanost\/wp-json\/wp\/v2\/posts"}],"about":[{"href":"https:\/\/geek.hr\/znanost\/wp-json\/wp\/v2\/types\/post"}],"author":[{"embeddable":true,"href":"https:\/\/geek.hr\/znanost\/wp-json\/wp\/v2\/users\/10022"}],"replies":[{"embeddable":true,"href":"https:\/\/geek.hr\/znanost\/wp-json\/wp\/v2\/comments?post=15391"}],"version-history":[{"count":0,"href":"https:\/\/geek.hr\/znanost\/wp-json\/wp\/v2\/posts\/15391\/revisions"}],"wp:featuredmedia":[{"embeddable":true,"href":"https:\/\/geek.hr\/znanost\/wp-json\/wp\/v2\/media\/15392"}],"wp:attachment":[{"href":"https:\/\/geek.hr\/znanost\/wp-json\/wp\/v2\/media?parent=15391"}],"wp:term":[{"taxonomy":"category","embeddable":true,"href":"https:\/\/geek.hr\/znanost\/wp-json\/wp\/v2\/categories?post=15391"},{"taxonomy":"post_tag","embeddable":true,"href":"https:\/\/geek.hr\/znanost\/wp-json\/wp\/v2\/tags?post=15391"}],"curies":[{"name":"wp","href":"https:\/\/api.w.org\/{rel}","templated":true}]}}