{"id":21024330,"date":"2023-07-11T14:02:00","date_gmt":"2023-07-11T12:02:00","guid":{"rendered":"http:\/\/znanost.geek.hr\/?p=21024330"},"modified":"2023-07-11T14:09:08","modified_gmt":"2023-07-11T12:09:08","slug":"pusenje-moze-stanjiti-mozdanu-koru","status":"publish","type":"post","link":"https:\/\/geek.hr\/znanost\/clanak\/pusenje-moze-stanjiti-mozdanu-koru\/","title":{"rendered":"Pu\u0161enje mo\u017ee stanjiti mo\u017edanu koru"},"content":{"rendered":"\n<p>Pu\u0161enje cigareta do\u0161lo je u modu prije oko 100 godina. U tom vremenskom razdoblju, znanstvena i medicinska zajednica provele su veliku koli\u010dinu studija o tome kako cigarete utje\u010du na ljudsko zdravlje. Razli\u010dite bolesti plu\u0107a i usne \u0161upljine te hipertenzija me\u0111u naj\u010de\u0161\u0107im su oboljenjima kada govorimo o \u0161tetnosti pu\u0161enja. Prema jednoj studiji autora Sherifa Karame sa Sveu\u010dili\u0161ta McGill, objavljenoj u \u010dasopisu <em>Molecular Psychiatry<\/em>, dugotrajno pu\u0161enje cigareta doprinosi stanjivanju mo\u017edane kore.<\/p>\n\n\n\n<p>Mo\u017edana kora vanjski je sloj mozga, dio odgovoran za funkcije vi\u0161eg reda poput jezika, svijesti i pam\u0107enja. Ove sposobnosti opadaju s razvojem demencije, \u010diji uzrok mo\u017eemo povezati s pu\u0161enjem. Mo\u017edana kora stanjuje se tijekom vremena zbog prirodnog starenja, ali ova studija sugerira da pu\u0161enje dodatno pogor\u0161ava njezino stanjivanje, \u0161to u kona\u010dnici mo\u017ee dovesti do demencije.<\/p>\n\n\n\n<p>Tim znanstvenika koristio je <a href=\"https:\/\/geek.hr\/znanost\/clanak\/izgleda-da-magnetska-rezonanca-moze-predvidjeti-autizam\/\">magnetsku rezonancu<\/a> (MRI) kako bi ispitao debljinu mo\u017edane kore 260 \u017eena i 244 mu\u0161karca, koji su u vrijeme istra\u017eivanja imali oko 73 godine. Mnogi od njih sudjelovali su u istra\u017eivanju mentalnog zdravlja i kognitivnih sposobnosti 1947. godine u \u0160kotskoj, a ti prethodni rezultati uspore\u0111eni su s podacima prikupljenim tijekom ovog ispitivanja. Ispitanici su tako\u0111er ispitani o njihovim navikama pu\u0161enja te su razvrstani u skupine pojedinaca koji nikada nisu pu\u0161ili, koji su prestali pu\u0161iti, te oni koji trenutno jo\u0161 uvijek pu\u0161e. U kona\u010dnici, prona\u0111ene su zna\u010dajne razlike u debljini mo\u017edane kore izme\u0111u tih triju skupina; trenutni pu\u0161a\u010di imaju najtanju mo\u017edanu koru, a oni koji nikada nisu pu\u0161ili imaju najdeblju.<\/p>\n\n\n\n<p>\u201eOtkrili smo da sada\u0161nji i biv\u0161i pu\u0161a\u010di u dobi od 73 godine imaju mnogo tanju mo\u017edanu koru od onih koji nikada nisu pu\u0161ili. Kod osoba koje su prestale pu\u0161iti, debljina mo\u017edane kore djelomi\u010dno \u0107e se oporaviti kroz svaku godinu bez pu\u0161enja\u201d, rekao je Karama.<\/p>\n\n\n\n<p>Iako je ohrabruju\u0107a \u010dinjenica da se mo\u017edana kora mo\u017ee s vremenom obnoviti, ona se svejedno ne\u0107e nikada oporaviti u tolikoj mjeri da se vrati na razinu nepu\u0161a\u010da. \u010cak i me\u0111u pojedincima koji su prestali pu\u0161iti prije 25 godina, o\u010dita je razlika u debljini njihove i mo\u017edane kore onih koji nikada nisu pu\u0161ili. Tako\u0111er, \u010dini se da pu\u0161enje cigareta nanosi trajnu \u0161tetu mo\u017edanoj kori budu\u0107i da su pu\u0161a\u010di skloniji razvoju demencije.<\/p>\n\n\n\n<p>\u201ePu\u0161a\u010di bi trebali biti informirani da cigarete mogu ubrzati stanjivanje mo\u017edane kore, \u0161to bi moglo dovesti do br\u017eeg kognitivnog propadanja. \u010cini se da se to stanjivanje doga\u0111a jo\u0161 mnogo godina nakon \u0161to netko prestane pu\u0161iti. Budu\u0107e studije mogle bi otkriti molekularni uzrok ovoga stanja, a mo\u017eda \u010dak i ponuditi odre\u0111enu terapiju za njegovo izlje\u010denje\u201d, zaklju\u010dio je Karama.<\/p>\n","protected":false},"excerpt":{"rendered":"<p>Pu\u0161enje cigareta do\u0161lo je u modu prije oko 100 godina. U tom vremenskom razdoblju, znanstvena i medicinska zajednica provele su veliku koli\u010dinu studija o tome kako cigarete utje\u010du na ljudsko zdravlje. Razli\u010dite bolesti plu\u0107a i usne \u0161upljine te hipertenzija me\u0111u naj\u010de\u0161\u0107im su oboljenjima kada govorimo o \u0161tetnosti pu\u0161enja. Prema jednoj studiji autora Sherifa Karame sa [&hellip;]<\/p>\n","protected":false},"author":10022,"featured_media":21067417,"comment_status":"open","ping_status":"open","sticky":false,"template":"","format":"standard","meta":{"_lmt_disableupdate":"","_lmt_disable":"","footnotes":""},"categories":[16369],"tags":[23421,16504],"class_list":["post-21024330","post","type-post","status-publish","format-standard","has-post-thumbnail","hentry","category-ovisnost-i-lijecenje","tag-mozdana-kora","tag-pusenje"],"modified_by":null,"_links":{"self":[{"href":"https:\/\/geek.hr\/znanost\/wp-json\/wp\/v2\/posts\/21024330","targetHints":{"allow":["GET"]}}],"collection":[{"href":"https:\/\/geek.hr\/znanost\/wp-json\/wp\/v2\/posts"}],"about":[{"href":"https:\/\/geek.hr\/znanost\/wp-json\/wp\/v2\/types\/post"}],"author":[{"embeddable":true,"href":"https:\/\/geek.hr\/znanost\/wp-json\/wp\/v2\/users\/10022"}],"replies":[{"embeddable":true,"href":"https:\/\/geek.hr\/znanost\/wp-json\/wp\/v2\/comments?post=21024330"}],"version-history":[{"count":3,"href":"https:\/\/geek.hr\/znanost\/wp-json\/wp\/v2\/posts\/21024330\/revisions"}],"predecessor-version":[{"id":21067419,"href":"https:\/\/geek.hr\/znanost\/wp-json\/wp\/v2\/posts\/21024330\/revisions\/21067419"}],"wp:featuredmedia":[{"embeddable":true,"href":"https:\/\/geek.hr\/znanost\/wp-json\/wp\/v2\/media\/21067417"}],"wp:attachment":[{"href":"https:\/\/geek.hr\/znanost\/wp-json\/wp\/v2\/media?parent=21024330"}],"wp:term":[{"taxonomy":"category","embeddable":true,"href":"https:\/\/geek.hr\/znanost\/wp-json\/wp\/v2\/categories?post=21024330"},{"taxonomy":"post_tag","embeddable":true,"href":"https:\/\/geek.hr\/znanost\/wp-json\/wp\/v2\/tags?post=21024330"}],"curies":[{"name":"wp","href":"https:\/\/api.w.org\/{rel}","templated":true}]}}