{"id":21024638,"date":"2015-04-23T14:52:26","date_gmt":"2015-04-23T12:52:26","guid":{"rendered":"http:\/\/znanost.geek.hr\/?p=21024638"},"modified":"2015-04-23T14:52:40","modified_gmt":"2015-04-23T12:52:40","slug":"pothranjenost-u-srednjoj-zivotnoj-dobi-moze-povecati-kasniji-rizik-od-demencije","status":"publish","type":"post","link":"https:\/\/geek.hr\/znanost\/clanak\/pothranjenost-u-srednjoj-zivotnoj-dobi-moze-povecati-kasniji-rizik-od-demencije\/","title":{"rendered":"Pothranjenost u srednjoj \u017eivotnoj dobi mo\u017ee pove\u0107ati kasniji rizik od demencije"},"content":{"rendered":"<p>Biti premr\u0161av u srednjim godinama mo\u017ee biti lo\u0161e za zdravlje mozga kasnije u \u017eivotu, navodi se u novoj studiji objavljenoj u \u010dasopisu <em>The Lancet Diabetes &amp; Endocrinology.<\/em><\/p>\n<div id=\"attachment_21024695\" style=\"width: 610px\" class=\"wp-caption aligncenter\"><img decoding=\"async\" aria-describedby=\"caption-attachment-21024695\" class=\"size-full wp-image-21024695\" src=\"https:\/\/geek.hr\/znanost\/wp-content\/uploads\/sites\/14\/2015\/04\/0498984098.jpg\" alt=\" (Credit 2gb.com)\" width=\"600\" height=\"303\" srcset=\"https:\/\/geek.hr\/znanost\/wp-content\/uploads\/sites\/14\/2015\/04\/0498984098.jpg 600w, https:\/\/geek.hr\/znanost\/wp-content\/uploads\/sites\/14\/2015\/04\/0498984098-300x152.jpg 300w\" sizes=\"(max-width: 600px) 100vw, 600px\" \/><p id=\"caption-attachment-21024695\" class=\"wp-caption-text\">(Credit 2gb.com)<\/p><\/div>\n<p>Istra\u017eiva\u010di su otkrili da ljudi koji su imali izraziti manjak kilograma u svojim 40-im, 50-im i 60-im godinama, imaju 34% ve\u0107u vjerojatnost od pojave demencije 15 godina kasnije, u usporedbi s jednako starim mu\u0161karcima i \u017eenama koji su imali normalnu te\u017einu.<\/p>\n<p>\u201e\u010cinjenica da je pothranjenost \u2013 stanje u kojem je indeks tjelesne mase (BMI) manji od 20, u srednjoj \u017eivotnoj dobi povezana s demencijom nejasna je i zahtijeva daljnju istragu\u201d, rekao je koautor studije dr. Nawab Qizilbash, klini\u010dki epidemiolog i voditelj istra\u017eiva\u010dke organizacije OXON Epidemiology u Londonu. On naga\u0111a da va\u017enu ulogu u tome imaju razli\u010dite dijete, vje\u017ebe, slabost, promjene te\u017eine i nedostatak vitamina D i E.<\/p>\n<p>Studija je analizirala podatke gotovo 2 milijuna ljudi u dobi od 40 i vi\u0161e godina u Velikoj Britaniji. Nitko od njih nije imao demenciju na po\u010detku studije, ali njih gotovo 46 000 dobilo je potvrdu te dijagnoze tijekom perioda pra\u0107enja od 20 godina. Istra\u017eiva\u010di su do\u0161li do iznena\u0111uju\u0107eg otkri\u0107a koje je u suprotnosti s nekim prethodnim studijama, a koje kazuje da prekomjerna tjelesna te\u017eina ili pretilost u srednjim godinama zapravo pozitivno utje\u010de na zdravlje mozga. Ustvari, ljudi koji su bili najte\u017ei upravo u svojim srednjim godinama, s indeksom tjelesne mase od 40 ili vi\u0161e, imali su 29 posto manji rizik od razvoja demencije nego osobe \u010dija je te\u017eina bila normalna, navodi se u studiji. Qizilbash je rekao kako su ti rezultati bili neo\u010dekivani te, iako istra\u017eiva\u010dki tim obavlja razne analize, jo\u0161 uvijek nisu uspjeli prona\u0107i obja\u0161njenje takvih rezultata.<\/p>\n<p>Daljnji koraci ovog istra\u017eivanja uklju\u010duju razumijevanje utjecaja koji promjena te\u017eine, poput nedavnog gubitka te\u017eine kod osobe koja prethodno nije bila pothranjena, ima na rizik od demencije. Tako\u0111er, Qizilbash \u017eeli i pomnije istra\u017eiti u kolikoj mjeri prekomjerna tjelesna te\u017eina ima pozitivan u\u010dinak na demenciju, budu\u0107i da netko sklon pretilosti mo\u017eda upravo zbog toga ne\u0107e \u017eivjeti dovoljno dugo da osjeti te pozitivne u\u010dinke.<\/p>\n<p>\u201eNadalje, potrebno je provesti jo\u0161 istra\u017eivanja da bi se utvrdilo kako te\u017eina utje\u010de na rizik od razli\u010ditih vrsta demencije, kao \u0161to su Alzheimerova i Lewyjeva bolest\u201d, zaklju\u010dio je Qizilbash.<\/p>\n<p style=\"text-align: right;\"><em>Izvor: <a href=\"http:\/\/www.livescience.com\/50446-underweight-dementia-risk.html\" target=\"_blank\" rel=\"noopener\">LiveScience<\/a><\/em><\/p>\n","protected":false},"excerpt":{"rendered":"<p>Biti premr\u0161av u srednjim godinama mo\u017ee biti lo\u0161e za zdravlje mozga kasnije u \u017eivotu, navodi se u novoj studiji objavljenoj u \u010dasopisu The Lancet Diabetes &amp; Endocrinology. Istra\u017eiva\u010di su otkrili da ljudi koji su imali izraziti manjak kilograma u svojim 40-im, 50-im i 60-im godinama, imaju 34% ve\u0107u vjerojatnost od pojave demencije 15 godina kasnije, [&hellip;]<\/p>\n","protected":false},"author":10022,"featured_media":21024695,"comment_status":"open","ping_status":"open","sticky":false,"template":"","format":"standard","meta":{"_lmt_disableupdate":"","_lmt_disable":"","footnotes":""},"categories":[16368],"tags":[18274],"class_list":["post-21024638","post","type-post","status-publish","format-standard","has-post-thumbnail","hentry","category-oboljenja-i-poremecaji","tag-demencija"],"modified_by":null,"_links":{"self":[{"href":"https:\/\/geek.hr\/znanost\/wp-json\/wp\/v2\/posts\/21024638","targetHints":{"allow":["GET"]}}],"collection":[{"href":"https:\/\/geek.hr\/znanost\/wp-json\/wp\/v2\/posts"}],"about":[{"href":"https:\/\/geek.hr\/znanost\/wp-json\/wp\/v2\/types\/post"}],"author":[{"embeddable":true,"href":"https:\/\/geek.hr\/znanost\/wp-json\/wp\/v2\/users\/10022"}],"replies":[{"embeddable":true,"href":"https:\/\/geek.hr\/znanost\/wp-json\/wp\/v2\/comments?post=21024638"}],"version-history":[{"count":0,"href":"https:\/\/geek.hr\/znanost\/wp-json\/wp\/v2\/posts\/21024638\/revisions"}],"wp:featuredmedia":[{"embeddable":true,"href":"https:\/\/geek.hr\/znanost\/wp-json\/wp\/v2\/media\/21024695"}],"wp:attachment":[{"href":"https:\/\/geek.hr\/znanost\/wp-json\/wp\/v2\/media?parent=21024638"}],"wp:term":[{"taxonomy":"category","embeddable":true,"href":"https:\/\/geek.hr\/znanost\/wp-json\/wp\/v2\/categories?post=21024638"},{"taxonomy":"post_tag","embeddable":true,"href":"https:\/\/geek.hr\/znanost\/wp-json\/wp\/v2\/tags?post=21024638"}],"curies":[{"name":"wp","href":"https:\/\/api.w.org\/{rel}","templated":true}]}}