{"id":21038193,"date":"2022-09-30T21:45:00","date_gmt":"2022-09-30T19:45:00","guid":{"rendered":"https:\/\/geek.hr\/znanost\/?p=21038193"},"modified":"2022-10-01T20:16:31","modified_gmt":"2022-10-01T18:16:31","slug":"ima-li-povezanosti-ranog-rasta-grudi-i-karcinoma","status":"publish","type":"post","link":"https:\/\/geek.hr\/znanost\/clanak\/ima-li-povezanosti-ranog-rasta-grudi-i-karcinoma\/","title":{"rendered":"Ima li povezanosti ranog rasta grudi i karcinoma?"},"content":{"rendered":"\n<p>Rani rast grudi kod djevoj\u010dica mo\u017ee biti povezan s nekim bolestima kasnije u \u017eivotu. Na\u017ealost, postoji povezanost s nastupanjem ranog puberteta i kasnijeg pove\u0107anog rizika od pretilosti, dijabetesa tipa 2, sr\u010danih bolesti i karcinoma. Pogotovo karcinoma dojke.<\/p>\n\n\n\n<p>Djevoj\u010dice kojima rast grudi zapo\u010dne prije dobi od deset godina imaju 20 % ve\u0107i rizik od karcinoma dojke u kasnijem \u017eivotu od djevoj\u010dica kojima rast grudi zapo\u010dne u dobi od 11 ili 12 godina.<\/p>\n\n\n\n<p>Znanstvenici dugo nisu imali potpuno razumijevanje procesa ranijeg razvitka nekih djevoj\u010dica od drugih, ali postoje otkri\u0107a <a href=\"https:\/\/www.gla.ac.uk\/\" target=\"_blank\" rel=\"noreferrer noopener\">Sveu\u010dili\u0161ta u Glasgowu<\/a> koja mogu pripomo\u0107i rje\u0161avanju dijela misterije, a posljedi\u010dno i posredno pobolj\u0161ati zdravlje.<\/p>\n\n\n\n<p>Uobi\u010dajeno je za djevoj\u010dice da im rast grudi zapo\u010dne u dobi od oko 10 godina, ali i kada po\u010dne ranije od toga to se percipira normalnim i bezopasnim. Svejedno, rijetko se pomi\u0161lja na kasnije mogu\u0107e rizike od nekih bolesti, ali i na psiholo\u0161ke i fizi\u010dke probleme zbog ranijeg razvoja od svojih vr\u0161njaka.<\/p>\n\n\n\n<p>Ono \u0161to je zabilje\u017eeno kao poveznica s ranim razvitkom jest osje\u0107aj izolacije i srama. Rani razvitak je povezan i s ranijom seksualnom aktivno\u0161\u0107u, <a href=\"https:\/\/geek.hr\/znanost\/clanak\/nova-studija-nudi-zanimljivo-objasnjenje-zasto-neki-ljudi-pate-od-depresije\/\">depresijom<\/a> i poreme\u0107ajima jedenja. Tako\u0111er, karakteristi\u010dno je za takvu djecu da budu visoka me\u0111u vr\u0161njacima, ali da ostanu ni\u017ea kasnije kad odrastu.<\/p>\n\n\n\n<p>Lo\u0161a vijest je da pubertet po\u010dinje sve ranije i ranije. Dje\u010dja pretilost se pojavljuje kao jedan faktor razja\u0161njenja takvog stanja, jer je poznato da to podi\u017ee razine hormona, ali to i dalje ne obja\u0161njava razli\u010dit razvitak kod razli\u010ditih etni\u010dkih grupa. Ne samo hrana, pojavljuje se i teorija da smo svi pove\u0107ano izlo\u017eeni raznim kemikalijama iz okoli\u0161a.<\/p>\n\n\n\n<p>Ono \u0161to su u Glasgowu otkrili jest da molekula naziva ACKR2 igra va\u017enu ulogu u procesu rasta dojki. ACKR2, naime, sprje\u010dava makrofage od pojavljivanja u dojci sve dok \u017eenska osoba ne postane dovoljno stara za to, \u0161to ustvari sprje\u010dava prerani rast dojke. Otkriveno je da mi\u0161evi koji nemaju ACKR2 molekulu zapo\u010dinju raniji pubertet.<\/p>\n\n\n\n<p>Lije\u010dnici danas farmakolo\u0161ki jedino usporavaju pubertet ako djeci zapo\u010dne prije dobi od sedam godina i ako je prouzro\u010den hormonalnim neskladom. Ustvari to rade tako da usporavaju hormone \u017elijezde hipofize.<\/p>\n\n\n\n<p>Sada kada se zna da je za rani pubertet klju\u010dna molekula ACKR2 sljede\u0107i je korak poduzimanje studija s ljudskim pacijentima. Trebalo bi kod pretpubertetskih djevoj\u010dica s niskim razinama ACKR2 molekula prou\u010diti ho\u0107e li kod njih zapo\u010deti raniji razvoj dojki i puberteta. Ako to uspije mo\u017eda onda postane mogu\u0107e ve\u0107 kod djece predvi\u0111ati mogu\u0107nost preranog puberteta mjerenjem razina ACKR2 i eventualnim farmakolo\u0161kim anga\u017emanom da se razine prijeko potrebnih molekula pove\u0107aju.<\/p>\n\n\n\n<p>Mo\u017eda to kasnije onda smanji izlo\u017eenost i ve\u0107em riziku od prije nabrojanih oboljenja, kao i psiholo\u0161kih izazova u ranijoj dobi. U svakom slu\u010daju, otkri\u0107e je vrijedno, a stru\u010dnjaci \u0107e procijeniti \u0161to im je kasnije za \u010diniti s tim.<\/p>\n","protected":false},"excerpt":{"rendered":"<p>Rani rast grudi kod djevoj\u010dica mo\u017ee biti povezan s nekim bolestima kasnije u \u017eivotu. Na\u017ealost, postoji povezanost s nastupanjem ranog puberteta i kasnijeg pove\u0107anog rizika od pretilosti, dijabetesa tipa 2, sr\u010danih bolesti i karcinoma. Pogotovo karcinoma dojke. Djevoj\u010dice kojima rast grudi zapo\u010dne prije dobi od deset godina imaju 20 % ve\u0107i rizik od karcinoma dojke [&hellip;]<\/p>\n","protected":false},"author":10022,"featured_media":21066266,"comment_status":"open","ping_status":"closed","sticky":false,"template":"","format":"standard","meta":{"_lmt_disableupdate":"","_lmt_disable":"","footnotes":""},"categories":[16327],"tags":[17759,16991],"class_list":["post-21038193","post","type-post","status-publish","format-standard","has-post-thumbnail","hentry","category-zdravlje-i-medicina","tag-grudi","tag-rak-dojke"],"modified_by":null,"_links":{"self":[{"href":"https:\/\/geek.hr\/znanost\/wp-json\/wp\/v2\/posts\/21038193","targetHints":{"allow":["GET"]}}],"collection":[{"href":"https:\/\/geek.hr\/znanost\/wp-json\/wp\/v2\/posts"}],"about":[{"href":"https:\/\/geek.hr\/znanost\/wp-json\/wp\/v2\/types\/post"}],"author":[{"embeddable":true,"href":"https:\/\/geek.hr\/znanost\/wp-json\/wp\/v2\/users\/10022"}],"replies":[{"embeddable":true,"href":"https:\/\/geek.hr\/znanost\/wp-json\/wp\/v2\/comments?post=21038193"}],"version-history":[{"count":2,"href":"https:\/\/geek.hr\/znanost\/wp-json\/wp\/v2\/posts\/21038193\/revisions"}],"predecessor-version":[{"id":21066267,"href":"https:\/\/geek.hr\/znanost\/wp-json\/wp\/v2\/posts\/21038193\/revisions\/21066267"}],"wp:featuredmedia":[{"embeddable":true,"href":"https:\/\/geek.hr\/znanost\/wp-json\/wp\/v2\/media\/21066266"}],"wp:attachment":[{"href":"https:\/\/geek.hr\/znanost\/wp-json\/wp\/v2\/media?parent=21038193"}],"wp:term":[{"taxonomy":"category","embeddable":true,"href":"https:\/\/geek.hr\/znanost\/wp-json\/wp\/v2\/categories?post=21038193"},{"taxonomy":"post_tag","embeddable":true,"href":"https:\/\/geek.hr\/znanost\/wp-json\/wp\/v2\/tags?post=21038193"}],"curies":[{"name":"wp","href":"https:\/\/api.w.org\/{rel}","templated":true}]}}