{"id":21039439,"date":"2022-05-28T19:02:00","date_gmt":"2022-05-28T17:02:00","guid":{"rendered":"https:\/\/geek.hr\/znanost\/?p=21039439"},"modified":"2022-07-13T12:41:38","modified_gmt":"2022-07-13T10:41:38","slug":"niski-muskarci-cesce-celave-u-ranijoj-dobi","status":"publish","type":"post","link":"https:\/\/geek.hr\/znanost\/clanak\/niski-muskarci-cesce-celave-u-ranijoj-dobi\/","title":{"rendered":"Niski mu\u0161karci \u010de\u0161\u0107e \u0107elave u ranijoj dobi"},"content":{"rendered":"\n<p>S gubitkom kose se susre\u0107e gotovo 50 % svih mu\u0161karaca nakon pedesete godine, a niski mu\u0161karci mogu imati pove\u0107ani rizik da postanu \u0107elavi prerano. Me\u0111unarodna genetska studija pod vodstvom Sveu\u010dili\u0161ta u Bonnu barem upu\u0107uje u tom smjeru.<\/p>\n\n\n\n<p>Tijekom istra\u017eivanja su znanstvenici istra\u017eivali genetski materijal vi\u0161e od 20 tisu\u0107a ljudi. Njihovi podaci pokazuju da je prerani gubitak kose povezan s nizom razli\u010ditih fizi\u010dkih osobina i bolesti. Rad je objavljen u \u010dasopisu <em>Nature Communications<\/em>.<\/p>\n\n\n\n<p>Ve\u0107 je odavno poznato da mu\u0161karci kod kojih se javi prerani gubitak kose ne\u0161to \u010de\u0161\u0107e pate od sr\u010danih bolesti i raka prostate. Novi geneti\u010dki podaci potvr\u0111uju sumnje da postoje daljnje veze do drugih osobina i bolesti. U navedenoj studij istra\u017eiva\u010di su analizirali genetske podatke od oko 11 tisu\u0107a mu\u0161karaca s prijevremenom \u0107elavosti. Otprilike isto toliko njih bez gubitka kose slu\u017eilo je, pak, kao kontrolna grupa. Sudionici su dolazili iz sedam razli\u010ditih zemalja.<\/p>\n\n\n\n<p>&#8220;U mogu\u0107nosti smo identificirati 63 promjene u ljudskom genomu koje pove\u0107avaju rizik od preranog gubitka kose&#8221;, obja\u0161njava dr. Stefanie Heilmann-Heimbach. Geneti\u010darka sa Sveu\u010dili\u0161ta u Bonnu je jedna od vode\u0107ih autora me\u0111unarodne studije. &#8220;Neke od tih promjena su tako\u0111er prona\u0111ene u vezi s drugim osobinama i bolestima, kao \u0161to su manja veli\u010dina tijela, ranija pojava puberteta i razne vrsta raka.&#8221;<\/p>\n\n\n\n<div class=\"wp-block-image wp-image-21039437 size-full\"><figure class=\"aligncenter\"><img decoding=\"async\" width=\"800\" height=\"600\" src=\"https:\/\/geek.hr\/znanost\/wp-content\/uploads\/sites\/14\/2017\/03\/170308084034_1_900x600.jpg\" alt=\"\" class=\"wp-image-21039437\" srcset=\"https:\/\/geek.hr\/znanost\/wp-content\/uploads\/sites\/14\/2017\/03\/170308084034_1_900x600.jpg 800w, https:\/\/geek.hr\/znanost\/wp-content\/uploads\/sites\/14\/2017\/03\/170308084034_1_900x600-300x225.jpg 300w, https:\/\/geek.hr\/znanost\/wp-content\/uploads\/sites\/14\/2017\/03\/170308084034_1_900x600-768x576.jpg 768w\" sizes=\"(max-width: 800px) 100vw, 800px\" \/><figcaption>Foto: Andreas Stein\/Institut f\u00fcr Humangenetik<\/figcaption><\/figure><\/div>\n\n\n\n<p>Genetski nalaz isto tako potvr\u0111uju vezu izme\u0111u gubitka kose i pove\u0107anog rizika od raka prostate. Veze s bolestima srca su mnogo slo\u017eenije. Geni koje smanjuju rizik prona\u0111eni su uz gene koji pove\u0107avaju rizik.<\/p>\n\n\n\n<p>&#8220;Tako\u0111er smo otkrili poveznice svijetle boje ko\u017ee i pove\u0107ane gusto\u0107e kostiju&#8221;, obja\u0161njava profesor Markus N\u00f6then, direktor Instituta za ljudsku genetiku na Sveu\u010dili\u0161tu u Bonnu. &#8220;To bi moglo zna\u010diti da mu\u0161karci s gubitkom kose bolje mogu koristiti sun\u010devu svjetlost za sintetiziranje vitamina D. To bi tako\u0111er moglo objasniti za\u0161to bijelci posebno rano gube kosu.&#8221;<\/p>\n\n\n\n<p>\u0160tovi\u0161e, studija nudi novi uvid u biolo\u0161ke uzroke gubitka kose identificiranjem gena koji su uklju\u010deni u to. Imunolo\u0161ke i masne stanice u ko\u017ei glave o\u010dito su tako\u0111er uklju\u010dene u gubitak kose sa stanicama folikula dlake. Znanstvenici ka\u017eu kako, me\u0111utim, nema puno razloga za zabrinutost, jer su rizici za razna oboljenja mali, no ipak im je bilo zanimljivo uvidjeti da gubitak kose nije izolirana karakteristika, nego je to povezano s mnogim drugim spomenutim stvarima.<\/p>\n","protected":false},"excerpt":{"rendered":"<p>S gubitkom kose se susre\u0107e gotovo 50 % svih mu\u0161karaca nakon pedesete godine, a niski mu\u0161karci mogu imati pove\u0107ani rizik da postanu \u0107elavi prerano. Me\u0111unarodna genetska studija pod vodstvom Sveu\u010dili\u0161ta u Bonnu barem upu\u0107uje u tom smjeru. Tijekom istra\u017eivanja su znanstvenici istra\u017eivali genetski materijal vi\u0161e od 20 tisu\u0107a ljudi. Njihovi podaci pokazuju da je prerani [&hellip;]<\/p>\n","protected":false},"author":10022,"featured_media":21065600,"comment_status":"open","ping_status":"closed","sticky":false,"template":"","format":"standard","meta":{"_lmt_disableupdate":"","_lmt_disable":"","footnotes":""},"categories":[16327],"tags":[17180,23184,17181,17774],"class_list":["post-21039439","post","type-post","status-publish","format-standard","has-post-thumbnail","hentry","category-zdravlje-i-medicina","tag-celavost","tag-gubitak-kose","tag-kosa","tag-muskarci"],"modified_by":null,"_links":{"self":[{"href":"https:\/\/geek.hr\/znanost\/wp-json\/wp\/v2\/posts\/21039439","targetHints":{"allow":["GET"]}}],"collection":[{"href":"https:\/\/geek.hr\/znanost\/wp-json\/wp\/v2\/posts"}],"about":[{"href":"https:\/\/geek.hr\/znanost\/wp-json\/wp\/v2\/types\/post"}],"author":[{"embeddable":true,"href":"https:\/\/geek.hr\/znanost\/wp-json\/wp\/v2\/users\/10022"}],"replies":[{"embeddable":true,"href":"https:\/\/geek.hr\/znanost\/wp-json\/wp\/v2\/comments?post=21039439"}],"version-history":[{"count":2,"href":"https:\/\/geek.hr\/znanost\/wp-json\/wp\/v2\/posts\/21039439\/revisions"}],"predecessor-version":[{"id":21065601,"href":"https:\/\/geek.hr\/znanost\/wp-json\/wp\/v2\/posts\/21039439\/revisions\/21065601"}],"wp:featuredmedia":[{"embeddable":true,"href":"https:\/\/geek.hr\/znanost\/wp-json\/wp\/v2\/media\/21065600"}],"wp:attachment":[{"href":"https:\/\/geek.hr\/znanost\/wp-json\/wp\/v2\/media?parent=21039439"}],"wp:term":[{"taxonomy":"category","embeddable":true,"href":"https:\/\/geek.hr\/znanost\/wp-json\/wp\/v2\/categories?post=21039439"},{"taxonomy":"post_tag","embeddable":true,"href":"https:\/\/geek.hr\/znanost\/wp-json\/wp\/v2\/tags?post=21039439"}],"curies":[{"name":"wp","href":"https:\/\/api.w.org\/{rel}","templated":true}]}}