{"id":21040795,"date":"2017-07-25T22:21:04","date_gmt":"2017-07-25T20:21:04","guid":{"rendered":"https:\/\/geek.hr\/znanost\/?p=21040795"},"modified":"2022-07-07T01:38:45","modified_gmt":"2022-07-06T23:38:45","slug":"smanjenje-zastite-na-860-000-hektara-amazonske-prasume-u-brazilu","status":"publish","type":"post","link":"https:\/\/geek.hr\/znanost\/clanak\/smanjenje-zastite-na-860-000-hektara-amazonske-prasume-u-brazilu\/","title":{"rendered":"Smanjenje za\u0161tite na 860.000 hektara amazonske pra\u0161ume u Brazilu"},"content":{"rendered":"\n<p>Brazilsko Ministarstvo okoli\u0161a predla\u017ee otvaranje 860.000 hektara za\u0161ti\u0107enog rezervata u Amazoniji za preradu drva, rudarstvo i poljoprivrednu uporabu.<\/p>\n\n\n\n<p>Zakon koji smanjuje povr\u0161inu Nacionalne \u0161ume Jamanxim poslan je u \u010detvrtak na Kongres. Do toga je do\u0161lo nakon \u0161to je predsjednik Michel Temer stavio veto na zakone koji bi smanjili za\u0161titu ve\u0107e parcele,&nbsp;\u0161to je u\u010dinio pod pritiskom prosvjeda ekolo\u0161kih skupina.<\/p>\n\n\n\n<p>Aktivisti se brinu da \u0107e smanjena za\u0161tita dovesti do pove\u0107anja&nbsp;deforestacije, obzirom na \u010dinjenicu da se brazilski dio ki\u0161nih \u0161uma sje\u010de najve\u0107om brzinom ve\u0107 gotovo desetlje\u0107e.<\/p>\n\n\n\n<p>Ministarstvo za\u0161tite okoli\u0161a priop\u0107ilo je u petak da zakon uklju\u010duje mjere za spre\u010davanje kr\u010denja \u0161uma i smanjenje zemlji\u0161nih sukoba, te promi\u010de otvaranje novih&nbsp;radnih mjesta. Zemlji\u0161ni sukobi su u porastu, djelomi\u010dno zbog upada drvosje\u010da i poljoprivrednika u za\u0161ti\u0107ena podru\u010dja.<\/p>\n","protected":false},"excerpt":{"rendered":"<p>Brazilsko Ministarstvo okoli\u0161a predla\u017ee otvaranje 860.000 hektara za\u0161ti\u0107enog rezervata u Amazoniji za preradu drva, rudarstvo i poljoprivrednu uporabu. Zakon koji smanjuje povr\u0161inu Nacionalne \u0161ume Jamanxim poslan je u \u010detvrtak na Kongres. Do toga je do\u0161lo nakon \u0161to je predsjednik Michel Temer stavio veto na zakone koji bi smanjili za\u0161titu ve\u0107e parcele,&nbsp;\u0161to je u\u010dinio pod pritiskom [&hellip;]<\/p>\n","protected":false},"author":10022,"featured_media":0,"comment_status":"open","ping_status":"closed","sticky":false,"template":"","format":"standard","meta":{"_lmt_disableupdate":"","_lmt_disable":"","footnotes":""},"categories":[16372],"tags":[17675,18677,17008],"class_list":["post-21040795","post","type-post","status-publish","format-standard","hentry","category-ekologija-i-okolis","tag-amazona","tag-brazil","tag-prasuma"],"modified_by":null,"_links":{"self":[{"href":"https:\/\/geek.hr\/znanost\/wp-json\/wp\/v2\/posts\/21040795","targetHints":{"allow":["GET"]}}],"collection":[{"href":"https:\/\/geek.hr\/znanost\/wp-json\/wp\/v2\/posts"}],"about":[{"href":"https:\/\/geek.hr\/znanost\/wp-json\/wp\/v2\/types\/post"}],"author":[{"embeddable":true,"href":"https:\/\/geek.hr\/znanost\/wp-json\/wp\/v2\/users\/10022"}],"replies":[{"embeddable":true,"href":"https:\/\/geek.hr\/znanost\/wp-json\/wp\/v2\/comments?post=21040795"}],"version-history":[{"count":2,"href":"https:\/\/geek.hr\/znanost\/wp-json\/wp\/v2\/posts\/21040795\/revisions"}],"predecessor-version":[{"id":21065769,"href":"https:\/\/geek.hr\/znanost\/wp-json\/wp\/v2\/posts\/21040795\/revisions\/21065769"}],"wp:attachment":[{"href":"https:\/\/geek.hr\/znanost\/wp-json\/wp\/v2\/media?parent=21040795"}],"wp:term":[{"taxonomy":"category","embeddable":true,"href":"https:\/\/geek.hr\/znanost\/wp-json\/wp\/v2\/categories?post=21040795"},{"taxonomy":"post_tag","embeddable":true,"href":"https:\/\/geek.hr\/znanost\/wp-json\/wp\/v2\/tags?post=21040795"}],"curies":[{"name":"wp","href":"https:\/\/api.w.org\/{rel}","templated":true}]}}