{"id":21041137,"date":"2017-08-16T22:31:14","date_gmt":"2017-08-16T20:31:14","guid":{"rendered":"https:\/\/geek.hr\/znanost\/?p=21041137"},"modified":"2020-10-15T16:06:03","modified_gmt":"2020-10-15T14:06:03","slug":"u-svedskoj-viden-potpuno-bijeli-los","status":"publish","type":"post","link":"https:\/\/geek.hr\/znanost\/clanak\/u-svedskoj-viden-potpuno-bijeli-los\/","title":{"rendered":"U \u0160vedskoj vi\u0111en potpuno bijeli los!"},"content":{"rendered":"<p>Rijetko vi\u0111en prizor ljepote.<\/p>\n<p>Svijet su obi\u0161le fotografije i videosnimke posve bijelog losa iz \u0160vedske, a za to je odgovoran lokalni politi\u010dar. \u010clan op\u0107inskog vije\u0107a Hans Nilsson izjavio je radiostanici Sverige Radio da je kao ljubitelj prirode \u010desto poku\u0161avao snimiti ili fotografirati rijetke losove. Nakon tri godine truda kona\u010dno je uhvatio zapanjuju\u0107u snimku bijelog losa <a href=\"https:\/\/www.facebook.com\/P4Varmland\/videos\/vb.207905565931679\/1377371312318426\/?type=2&amp;theater\" target=\"_blank\" rel=\"noopener noreferrer\">kako prelazi plitku rijeku i \u0161eta kroz visoku travu<\/a>. \u010cinilo se kako je \u017eivotinja posve bijela, \u010dak su joj i rogovi bar\u0161unasto bijeli.<\/p>\n<p>Unato\u010d takvom izgledu, boja ipak nije rezultat albinizma, stanja koje je rezultat gubitka pigmentacije. Slu\u010dajevi albinizma kod \u017eivotinja i ljudi rezultiraju o\u010dima svijetle ili ru\u017ei\u010daste boje. Ovakav primjerak losa je dobio svoj izgled zahvaljuju\u0107i recesivnim genima pa se tako \u017eivotinje bijele ili crne boje s flekama nazivaju piebald. Katkad asimetri\u010dne fleke potpuno izostanu, kao u ovom slu\u010daju, ali tu su i dalje o\u010di, u\u0161i i nos tamne boje.<\/p>\n<div id=\"attachment_21041150\" style=\"width: 1673px\" class=\"wp-caption aligncenter\"><img decoding=\"async\" aria-describedby=\"caption-attachment-21041150\" class=\"wp-image-21041150 size-full\" src=\"https:\/\/geek.hr\/znanost\/wp-content\/uploads\/sites\/14\/2017\/08\/whitemoose.jpg\" alt=\"\" width=\"1663\" height=\"765\" \/><p id=\"caption-attachment-21041150\" class=\"wp-caption-text\">P4 V\u00e4rmland Sveriges Radio \/ Facebook screenshot<\/p><\/div>\n<p>Skandinavija je ina\u010de dom losu, koji je najve\u0107a vrsta jelena sa svojom visinom od dva metra i te\u017einom do 800 kilograma. Geografski raspon stani\u0161ta ovog masivnog \u010dlana obitelji jelena prote\u017ee se, osim Skandinavije, i Kanadom, Aljaskom, SAD-om, Rusijom i Mongolijom. Naravno, ve\u0107ina njih je tamno sme\u0111a, a bijeli \u010dine mali dio populacije. U \u0160vedskoj \u017eivi svega stotinjak rijetkih bijelih losova koji, kao i ovaj doti\u010dni, nisu albino vrste.<\/p>\n<p>Krajem lipnja u Norve\u0161koj su <a href=\"https:\/\/www.youtube.com\/watch?v=VpRFze0H9SY\" target=\"_blank\" rel=\"noopener noreferrer\">snimljena dva blizanca bijelog losa<\/a>, ali se iz snimke nije moglo doku\u010diti je li u pitanju albinizam ili piebald. Svakih nekoliko godina osvane neka nova fotografija ili video bijelog losa.<\/p>\n<p>Iako takvim losovima nedostaje tipi\u010dan sme\u0111i \u201ekaput\u201c, nije poznato jesu li bijeli i albino losovi u nepovoljnijem polo\u017eaju u divljini. Tamni sloj ote\u017eava opa\u017eanje njih u \u0161umskom okru\u017eenju. \u201eVe\u0107ina majki losa je vrlo za\u0161titni\u010dki raspolo\u017eena prema svojim mladima, a vjerojatnost pre\u017eivljavanja u prvom mjesecu \u017eivota ovisi o tome koliko dobro majka brani mlado od svega \u0161to je vani\u201c, pojasnio je Lee Kantar, biolog specijaliziran za jelene iz Mainea. &#8220;Obi\u010dno to zna\u010di dr\u017eanje mladih losa daleko od grabe\u017eljivaca poput vukova i medvjeda. Boja je bitna ovisno o tome gdje se u svijetu nalaze\u201c.<\/p>\n","protected":false},"excerpt":{"rendered":"<p>Rijetko vi\u0111en prizor ljepote. Svijet su obi\u0161le fotografije i videosnimke posve bijelog losa iz \u0160vedske, a za to je odgovoran lokalni politi\u010dar. \u010clan op\u0107inskog vije\u0107a Hans Nilsson izjavio je radiostanici Sverige Radio da je kao ljubitelj prirode \u010desto poku\u0161avao snimiti ili fotografirati rijetke losove. Nakon tri godine truda kona\u010dno je uhvatio zapanjuju\u0107u snimku bijelog losa [&hellip;]<\/p>\n","protected":false},"author":10022,"featured_media":0,"comment_status":"open","ping_status":"closed","sticky":false,"template":"","format":"standard","meta":{"_lmt_disableupdate":"","_lmt_disable":"","footnotes":""},"categories":[16346],"tags":[18939],"class_list":["post-21041137","post","type-post","status-publish","format-standard","hentry","category-biljke-i-zivotinje","tag-zivotinje"],"modified_by":null,"_links":{"self":[{"href":"https:\/\/geek.hr\/znanost\/wp-json\/wp\/v2\/posts\/21041137","targetHints":{"allow":["GET"]}}],"collection":[{"href":"https:\/\/geek.hr\/znanost\/wp-json\/wp\/v2\/posts"}],"about":[{"href":"https:\/\/geek.hr\/znanost\/wp-json\/wp\/v2\/types\/post"}],"author":[{"embeddable":true,"href":"https:\/\/geek.hr\/znanost\/wp-json\/wp\/v2\/users\/10022"}],"replies":[{"embeddable":true,"href":"https:\/\/geek.hr\/znanost\/wp-json\/wp\/v2\/comments?post=21041137"}],"version-history":[{"count":0,"href":"https:\/\/geek.hr\/znanost\/wp-json\/wp\/v2\/posts\/21041137\/revisions"}],"wp:attachment":[{"href":"https:\/\/geek.hr\/znanost\/wp-json\/wp\/v2\/media?parent=21041137"}],"wp:term":[{"taxonomy":"category","embeddable":true,"href":"https:\/\/geek.hr\/znanost\/wp-json\/wp\/v2\/categories?post=21041137"},{"taxonomy":"post_tag","embeddable":true,"href":"https:\/\/geek.hr\/znanost\/wp-json\/wp\/v2\/tags?post=21041137"}],"curies":[{"name":"wp","href":"https:\/\/api.w.org\/{rel}","templated":true}]}}