{"id":21044421,"date":"2018-03-31T14:56:27","date_gmt":"2018-03-31T12:56:27","guid":{"rendered":"https:\/\/geek.hr\/znanost\/?p=21044421"},"modified":"2018-03-31T16:35:55","modified_gmt":"2018-03-31T14:35:55","slug":"sahara-se-znacajno-povecala","status":"publish","type":"post","link":"https:\/\/geek.hr\/znanost\/clanak\/sahara-se-znacajno-povecala\/","title":{"rendered":"Sahara se zna\u010dajno pove\u0107ala"},"content":{"rendered":"<p>Analiziraju\u0107i podatke koji su skupljani \u010dak od 1923. godine, znanstveni tim je u studiji analizirao razli\u010dite faktore koji su doprinijeli promjeni koli\u010dine padalina u Sahari. Saznali\u00a0su da se ova pustinja, koja je bila pribli\u017ene veli\u010dine kao Sjedinjene Dr\u017eave, pove\u0107ala za \u010dak 10% tijekom perioda koji je obuhva\u0107en prikupljenim podacima.\u00a0<a href=\"https:\/\/journals.ametsoc.org\/doi\/10.1175\/JCLI-D-17-0187.1\" target=\"_blank\" rel=\"noopener\">Studija je objavljena<\/a> u \u010dasopisu <em>Journal of Climate.<\/em><\/p>\n<p>Ta otkri\u0107a imaju implikacije na one koji stanuju na rubnom podru\u010dju Sahare, pod nazivom Sahel, ali znanstvenici su primijetili da dezertifikacija pod utjecajem klimatskih promjena nije fenomen svojstven samo Sahari.<\/p>\n<p>&#8221;Ovi rezultati su specifi\u010dni za Saharu, ali sigurno imaju implikacije i na ostale pustinje diljem svijeta,&#8221; pojasnio je profesor Sumant Nigam, koautor studije i stru\u010dnjak za atmosferu i oceane na Sveu\u010dili\u0161tu Maryland.<\/p>\n<p>Dok populacija svijeta nastavlja rasti, ljudi iz pustinjskih grani\u010dnih podru\u010dja si ne mogu priu\u0161titi gubljenje obradivih povr\u0161ina koje okru\u017euju pustinju. Ba\u0161 kao svaka pustinja, i Sahara prolazi sezonske obrasce ekspanzije i kontrakcije, ali je profesor Nigam s kolegama uspio odrediti obujam ukupne ekspanzije.<\/p>\n<p>Kako bi izdvojili efekte klimatskih promjena, znanstvenici su koristili statisti\u010dke metode za otklanjanje efekata prirodnih klimatskih ciklusa, kao \u0161to je <a href=\"https:\/\/hr.wikipedia.org\/wiki\/Atlantska_vi\u0161edesetljetna_oscilacija\" target=\"_blank\" rel=\"noopener\">Atlantska vi\u0161edesetljetna oscilacija<\/a> i njezin utjecaj na varijabilnost padalina.<\/p>\n<p>Rezultati su im otkrili kombinaciju prirodnih klimatskih ciklusa te ljudski izazvanih klimatskih promjena koji su uzrokovali ovaj efekt u tijeku pro\u0161log stolje\u0107a, s tim da su klimatske promjene same odgovorne za tre\u0107inu pove\u0107anja.<\/p>\n<p>&#8221;Trendovi vru\u0107ih ljeta koja bivaju sve toplija i skoro nepostoje\u0107ih ki\u0161nih sezona u Africi povezani su s faktorima koji uklju\u010duju pove\u0107anje emisije stakleni\u010dkih plinova i aerosola u atmosferi,&#8221; tvrdi dr. Ming Cai, voditelj Nacionalne fondacije za znanost, koja je financirala studiju. Ti trendovi imaju i razaraju\u0107i efekt na \u017eivot afri\u010dkog naroda koji ovisi o poljoprivredi.<\/p>\n<p>Natalie Thomas, stru\u010dnjakinja za atmosferske i oceanske znanosti, koja je sudjelovala u studiji je izjavila: &#8221;S ovom studijom je na\u0161 prioritet bio dokumentiranje dugoro\u010dnih trendova u koli\u010dini padalina i temperaturama u Sahari. Sljede\u0107i korak bit \u0107e razmatranje uzroka tih trendova u Sahari i na drugim mjestima. Tim je ve\u0107 po\u010deo istra\u017eivanje trendova sezonskih temperatura u Sjevernoj Americi, gdje su zime sve toplije, a ljeta su ista,&#8221; objasnila je Thomas.<\/p>\n<p>&#8221;U Africi je posve suprotna situacija \u2013 zime su stabilne, ali ljeta postaju sve toplija. Pritisci u Africi su zato puno ozbiljniji.&#8221;<\/p>\n","protected":false},"excerpt":{"rendered":"<p>Najve\u0107a svjetska pustinja nije ostala neokrznuta klimatskim promjenama<\/p>\n","protected":false},"author":10022,"featured_media":21044420,"comment_status":"open","ping_status":"closed","sticky":false,"template":"","format":"standard","meta":{"_lmt_disableupdate":"","_lmt_disable":"","footnotes":""},"categories":[16373],"tags":[17067,19061,17878,19112],"class_list":["post-21044421","post","type-post","status-publish","format-standard","has-post-thumbnail","hentry","category-klima","tag-afrika","tag-dezertifikacija","tag-pustinja","tag-sahara"],"modified_by":null,"_links":{"self":[{"href":"https:\/\/geek.hr\/znanost\/wp-json\/wp\/v2\/posts\/21044421","targetHints":{"allow":["GET"]}}],"collection":[{"href":"https:\/\/geek.hr\/znanost\/wp-json\/wp\/v2\/posts"}],"about":[{"href":"https:\/\/geek.hr\/znanost\/wp-json\/wp\/v2\/types\/post"}],"author":[{"embeddable":true,"href":"https:\/\/geek.hr\/znanost\/wp-json\/wp\/v2\/users\/10022"}],"replies":[{"embeddable":true,"href":"https:\/\/geek.hr\/znanost\/wp-json\/wp\/v2\/comments?post=21044421"}],"version-history":[{"count":0,"href":"https:\/\/geek.hr\/znanost\/wp-json\/wp\/v2\/posts\/21044421\/revisions"}],"wp:featuredmedia":[{"embeddable":true,"href":"https:\/\/geek.hr\/znanost\/wp-json\/wp\/v2\/media\/21044420"}],"wp:attachment":[{"href":"https:\/\/geek.hr\/znanost\/wp-json\/wp\/v2\/media?parent=21044421"}],"wp:term":[{"taxonomy":"category","embeddable":true,"href":"https:\/\/geek.hr\/znanost\/wp-json\/wp\/v2\/categories?post=21044421"},{"taxonomy":"post_tag","embeddable":true,"href":"https:\/\/geek.hr\/znanost\/wp-json\/wp\/v2\/tags?post=21044421"}],"curies":[{"name":"wp","href":"https:\/\/api.w.org\/{rel}","templated":true}]}}