{"id":21046158,"date":"2022-08-15T21:02:00","date_gmt":"2022-08-15T19:02:00","guid":{"rendered":"http:\/\/znanost.hr\/?p=21046158"},"modified":"2022-08-15T23:15:29","modified_gmt":"2022-08-15T21:15:29","slug":"drasticna-promjena-tjelesne-tezine-pogoduje-razvoju-demencije","status":"publish","type":"post","link":"https:\/\/geek.hr\/znanost\/clanak\/drasticna-promjena-tjelesne-tezine-pogoduje-razvoju-demencije\/","title":{"rendered":"Drasti\u010dna promjena tjelesne te\u017eine pogoduje razvoju demencije"},"content":{"rendered":"\n<p>Drasti\u010dan dobitak ili gubitak kilograma u kasnijoj \u017eivotnoj dobi mo\u017ee uve\u0107ati rizik od demencije za 25%, pokazalo je jedno ju\u017enokorejsko istra\u017eivanje.<\/p>\n\n\n\n<p>Mu\u0161karci u dobi od 60 do 79 godina, \u010diji je <a href=\"https:\/\/geek.hr\/znanost\/clanak\/zaboravite-bmi-postoji-puno-tocnija-metoda\/\">indeks tjelesne mase<\/a> narastao za 10% i vi\u0161e tijekom 2 godine, razvili su rizik demencije za 25%. Onima koji su izgubili na te\u017eini rizik od razvoja demencije pove\u0107ao se za 26%.<\/p>\n\n\n\n<p>\u0160to se ti\u010de \u017eena, kod njih je zna\u010dajna promjena tjelesne te\u017eine rezultirala 15 do 17% ve\u0107om vjerojatno\u0161\u0107u da \u0107e patiti od demencije, pokazala je studija provedena na 67 tisu\u0107a ljudi.<\/p>\n\n\n\n<p>Stru\u010dnjaci dr\u017ee da drasti\u010dne promjene tjelesne te\u017eine mogu o\u0161tetiti krvne \u017eile i utjecati na hormone, \u0161to je opet povezano s ve\u0107im rizikom od demencije.<\/p>\n\n\n\n<p>&#8220;Dobitak i gubitak tjelesne te\u017eine mogu biti zna\u010dajni faktori rizika povezani s demencijom. Na\u0161i rezultati pokazuju da je kontrola tjelesne te\u017eine i odr\u017eavanje zdravog na\u010din \u017eivota korisna u prevenciji, \u010dak i kasnije u \u017eivotu&#8221;, pojasnio je prof. Jin-Won Kwon s Kyungpook National University.<\/p>\n\n\n\n<p>&#8220;Zdrava tjelesna te\u017eina bilo u kojem trenutku \u017eivota mo\u017ee imati va\u017ene zdravstvene koristi, uklju\u010duju\u0107i i pomo\u0107 u kontroli faktora rizika od demencije kao \u0161to su dijabetes i visoki krvni tlak&#8221;, pojasnila je dr. Jana Voigt iz Alzheimer\u2019s Research UK.<\/p>\n","protected":false},"excerpt":{"rendered":"<p>Drasti\u010dan dobitak ili gubitak kilograma u kasnijoj \u017eivotnoj dobi mo\u017ee uve\u0107ati rizik od demencije za 25%, pokazalo je jedno ju\u017enokorejsko istra\u017eivanje. Mu\u0161karci u dobi od 60 do 79 godina, \u010diji je indeks tjelesne mase narastao za 10% i vi\u0161e tijekom 2 godine, razvili su rizik demencije za 25%. Onima koji su izgubili na te\u017eini rizik [&hellip;]<\/p>\n","protected":false},"author":10022,"featured_media":21066100,"comment_status":"open","ping_status":"open","sticky":false,"template":"","format":"standard","meta":{"_lmt_disableupdate":"","_lmt_disable":"","footnotes":""},"categories":[16370],"tags":[18274,23238,18216,23239],"class_list":["post-21046158","post","type-post","status-publish","format-standard","has-post-thumbnail","hentry","category-wellness-i-prehrana","tag-demencija","tag-gubitak-kilograma","tag-tezina","tag-tjelesna-tezina"],"modified_by":null,"_links":{"self":[{"href":"https:\/\/geek.hr\/znanost\/wp-json\/wp\/v2\/posts\/21046158","targetHints":{"allow":["GET"]}}],"collection":[{"href":"https:\/\/geek.hr\/znanost\/wp-json\/wp\/v2\/posts"}],"about":[{"href":"https:\/\/geek.hr\/znanost\/wp-json\/wp\/v2\/types\/post"}],"author":[{"embeddable":true,"href":"https:\/\/geek.hr\/znanost\/wp-json\/wp\/v2\/users\/10022"}],"replies":[{"embeddable":true,"href":"https:\/\/geek.hr\/znanost\/wp-json\/wp\/v2\/comments?post=21046158"}],"version-history":[{"count":3,"href":"https:\/\/geek.hr\/znanost\/wp-json\/wp\/v2\/posts\/21046158\/revisions"}],"predecessor-version":[{"id":21066102,"href":"https:\/\/geek.hr\/znanost\/wp-json\/wp\/v2\/posts\/21046158\/revisions\/21066102"}],"wp:featuredmedia":[{"embeddable":true,"href":"https:\/\/geek.hr\/znanost\/wp-json\/wp\/v2\/media\/21066100"}],"wp:attachment":[{"href":"https:\/\/geek.hr\/znanost\/wp-json\/wp\/v2\/media?parent=21046158"}],"wp:term":[{"taxonomy":"category","embeddable":true,"href":"https:\/\/geek.hr\/znanost\/wp-json\/wp\/v2\/categories?post=21046158"},{"taxonomy":"post_tag","embeddable":true,"href":"https:\/\/geek.hr\/znanost\/wp-json\/wp\/v2\/tags?post=21046158"}],"curies":[{"name":"wp","href":"https:\/\/api.w.org\/{rel}","templated":true}]}}