{"id":21047321,"date":"2022-08-08T19:00:00","date_gmt":"2022-08-08T17:00:00","guid":{"rendered":"http:\/\/znanost.hr\/?p=21046255"},"modified":"2022-08-08T22:40:55","modified_gmt":"2022-08-08T20:40:55","slug":"oni-koji-hrcu-brze-stare","status":"publish","type":"post","link":"https:\/\/geek.hr\/znanost\/clanak\/oni-koji-hrcu-brze-stare\/","title":{"rendered":"Oni koji hr\u010du br\u017ee stare"},"content":{"rendered":"\n<p><a href=\"https:\/\/academic.oup.com\/sleep\/article-abstract\/42\/Supplement_1\/A118\/5451843?redirectedFrom=fulltext\" target=\"_blank\" rel=\"noreferrer noopener\">Studija<\/a> objavljena u \u010dasopisu Sleep pokazala je da poreme\u0107aj disanja pri spavanju, kao \u0161to je apneja, mo\u017ee ubrzati starenje tijela za 215 dana.<\/p>\n\n\n\n<p>&#8220;Biolo\u0161ka dob ljudi ne mora odgovarati njihovoj kronolo\u0161koj dobi&#8221;, tvrdi Xiaoyu Li, voditeljica studije iz \u0160kole za javno zdravlje u Bostonu.&#8221;Na\u0161i podaci pru\u017eaju dokaze o nastanku negativnih fiziolo\u0161kih i zdravstvenih u\u010dinaka ako se poreme\u0107aj disanja pri spavanju ne lije\u010di.&#8221;<\/p>\n\n\n\n<p>Za potrebe studije znanstvenici su analizirali zdravstveno stanje 622 odrasle osobe, njihovo spavanje i metilaciju DNK.<\/p>\n\n\n\n<p>Rezultati su pokazali kako su \u017eene sklonije br\u017eem biolo\u0161kom starenju od mu\u0161karaca ako pate od poreme\u0107aja disanja pri spavanju. Me\u0111utim, autori studije napominju kako je u tom smislu potrebna dodatna studija.<\/p>\n\n\n\n<p>&#8220;\u010cesto se smatra da su \u017eene manje izlo\u017eene zdravstvenim tegobama povezanima s hrkanjem, ali na\u0161a studija dala je druk\u010dije rezultate&#8221;, tvrdi Li.<\/p>\n\n\n\n<p>Nau\u010dnici sugeriraju da je potrebno provesti jo\u0161 jedno istra\u017eivanje kojim bi se utvrdilo mo\u017ee li lije\u010denje poreme\u0107aja disanja pri spavanju smanjiti epigenetsko <a href=\"https:\/\/geek.hr\/znanost\/clanak\/hocemo-li-uskoro-znati-kako-sprijeciti-starenje\/\">ubrzano starenje<\/a>.<\/p>\n\n\n\n<p>Svoj rad autori studije predstavili su u lipnju 2019. godine na 33. godi\u0161njem skupu Saveza profesionalnih dru\u0161tava za spavanje u San Antoniju.<\/p>\n","protected":false},"excerpt":{"rendered":"<p>Studija objavljena u \u010dasopisu Sleep pokazala je da poreme\u0107aj disanja pri spavanju, kao \u0161to je apneja, mo\u017ee ubrzati starenje tijela za 215 dana. &#8220;Biolo\u0161ka dob ljudi ne mora odgovarati njihovoj kronolo\u0161koj dobi&#8221;, tvrdi Xiaoyu Li, voditeljica studije iz \u0160kole za javno zdravlje u Bostonu.&#8221;Na\u0161i podaci pru\u017eaju dokaze o nastanku negativnih fiziolo\u0161kih i zdravstvenih u\u010dinaka ako [&hellip;]<\/p>\n","protected":false},"author":10022,"featured_media":21066085,"comment_status":"open","ping_status":"open","sticky":false,"template":"","format":"standard","meta":{"_lmt_disableupdate":"","_lmt_disable":"","footnotes":""},"categories":[16368],"tags":[20493,20494,17490,17119],"class_list":["post-21047321","post","type-post","status-publish","format-standard","has-post-thumbnail","hentry","category-oboljenja-i-poremecaji","tag-apneja","tag-hrkanje","tag-san","tag-spavanje"],"modified_by":null,"_links":{"self":[{"href":"https:\/\/geek.hr\/znanost\/wp-json\/wp\/v2\/posts\/21047321","targetHints":{"allow":["GET"]}}],"collection":[{"href":"https:\/\/geek.hr\/znanost\/wp-json\/wp\/v2\/posts"}],"about":[{"href":"https:\/\/geek.hr\/znanost\/wp-json\/wp\/v2\/types\/post"}],"author":[{"embeddable":true,"href":"https:\/\/geek.hr\/znanost\/wp-json\/wp\/v2\/users\/10022"}],"replies":[{"embeddable":true,"href":"https:\/\/geek.hr\/znanost\/wp-json\/wp\/v2\/comments?post=21047321"}],"version-history":[{"count":3,"href":"https:\/\/geek.hr\/znanost\/wp-json\/wp\/v2\/posts\/21047321\/revisions"}],"predecessor-version":[{"id":21066086,"href":"https:\/\/geek.hr\/znanost\/wp-json\/wp\/v2\/posts\/21047321\/revisions\/21066086"}],"wp:featuredmedia":[{"embeddable":true,"href":"https:\/\/geek.hr\/znanost\/wp-json\/wp\/v2\/media\/21066085"}],"wp:attachment":[{"href":"https:\/\/geek.hr\/znanost\/wp-json\/wp\/v2\/media?parent=21047321"}],"wp:term":[{"taxonomy":"category","embeddable":true,"href":"https:\/\/geek.hr\/znanost\/wp-json\/wp\/v2\/categories?post=21047321"},{"taxonomy":"post_tag","embeddable":true,"href":"https:\/\/geek.hr\/znanost\/wp-json\/wp\/v2\/tags?post=21047321"}],"curies":[{"name":"wp","href":"https:\/\/api.w.org\/{rel}","templated":true}]}}