{"id":21048162,"date":"2019-10-14T15:23:40","date_gmt":"2019-10-14T13:23:40","guid":{"rendered":"https:\/\/geek.hr\/znanost\/?p=21048162"},"modified":"2019-10-14T15:23:40","modified_gmt":"2019-10-14T13:23:40","slug":"na-sveucilistu-u-rijeci-dva-nova-redovita-studija","status":"publish","type":"post","link":"https:\/\/geek.hr\/znanost\/clanak\/na-sveucilistu-u-rijeci-dva-nova-redovita-studija\/","title":{"rendered":"Na Sveu\u010dili\u0161tu u Rijeci dva nova redovita studija"},"content":{"rendered":"<p>REKTORICA Sveu\u010dili\u0161ta u Rijeci Snje\u017eana Priji\u0107 Samar\u017eija izvijestila je u ponedjeljak da je ove akademske godine upisano 4425 novih studenata, gotovo jednako kao i pro\u0161le godine, te da su pokrenuta dva nova redovita studija &#8211; preddiplomski poslovne ekonomije i diplomski prevoditeljstva.<\/p>\n<p>Na\u017ealost, rekla je, nije pokrenut planirani novi studij logopedije. &#8220;Iako smo u\u010dinili sve \u0161to smo mogli, partneri sa Sveu\u010dili\u0161ta u Zagrebu, od kojih smo o\u010dekivali vi\u0161e razumijevanja, nisu zavr\u0161ili proceduru na vrijeme pa \u0107e se studij pokrenuti tek sljede\u0107e akademske godine&#8221;, dodala je.<\/p>\n<p>Pokrenuti su i mnogi izvanredni studiji za studiranje uz rad, me\u0111u kojima primaljstva i diskretne matematike s primjenom na engleskom jeziku.<\/p>\n<p>Rektorica Priji\u0107 Samar\u017eija je izvijestila da je Sveu\u010dili\u0161te u Rijeci postalo dio mre\u017ee Mladih sveu\u010dili\u0161ta za budu\u0107nost Europe (YUFE) s jo\u0161 devet europskih sveu\u010dili\u0161ta koja \u0107e uspostaviti virtualni kampus u kojem \u0107e svi studenti tih mo\u0107i upisivati kolegije koje \u0107e unositi svako sveu\u010dili\u0161te, a oni \u0107e im se priznavati na domicilnom sveu\u010dili\u0161tu.<\/p>\n<p>Ove akademske godine \u0107e se, od infrastrukturnih projekata, dovr\u0161iti aneks Fakulteta za menad\u017ement u turizmu i ugostiteljstvu, povr\u0161ine oko 1300 metara \u010detvornih, te Pala\u010da Moise u gradu Cresu, povr\u0161ine oko 1900 metara \u010detvornih, u kojoj \u0107e biti centar sveu\u010dili\u0161ta za humanisti\u010dke i dru\u0161tvene znanosti, najavila je rektorica. Tu \u0107e znanstvenici mo\u0107i istra\u017eivati, a provodit \u0107e se i programi cjelo\u017eivotnog u\u010denja, rekla je.<\/p>\n<p>Rektorica Priji\u0107 Samar\u017eija je istaknula kako \u017eeli da se Rijeka do\u017eivljava kao pravi sveu\u010dili\u0161ni grad, koji ima oko 20.000 studenata i zaposlenih na sveu\u010dili\u0161tu te izme\u0111u 1000 i 2000 stranih studenata, nastavnika i gostiju koji na godinu borave na Sveu\u010dili\u0161tu u Rijeci.<\/p>\n","protected":false},"excerpt":{"rendered":"<p>REKTORICA Sveu\u010dili\u0161ta u Rijeci Snje\u017eana Priji\u0107 Samar\u017eija izvijestila je u ponedjeljak da je ove akademske godine upisano 4425 novih studenata, gotovo jednako kao i pro\u0161le godine, te da su pokrenuta dva nova redovita studija &#8211; preddiplomski poslovne ekonomije i diplomski prevoditeljstva. Na\u017ealost, rekla je, nije pokrenut planirani novi studij logopedije. &#8220;Iako smo u\u010dinili sve \u0161to [&hellip;]<\/p>\n","protected":false},"author":10022,"featured_media":21048163,"comment_status":"open","ping_status":"closed","sticky":false,"template":"","format":"standard","meta":{"_lmt_disableupdate":"","_lmt_disable":"","footnotes":""},"categories":[16337,1],"tags":[],"class_list":["post-21048162","post","type-post","status-publish","format-standard","has-post-thumbnail","hentry","category-drustvene-znanosti","category-znanost"],"modified_by":null,"_links":{"self":[{"href":"https:\/\/geek.hr\/znanost\/wp-json\/wp\/v2\/posts\/21048162","targetHints":{"allow":["GET"]}}],"collection":[{"href":"https:\/\/geek.hr\/znanost\/wp-json\/wp\/v2\/posts"}],"about":[{"href":"https:\/\/geek.hr\/znanost\/wp-json\/wp\/v2\/types\/post"}],"author":[{"embeddable":true,"href":"https:\/\/geek.hr\/znanost\/wp-json\/wp\/v2\/users\/10022"}],"replies":[{"embeddable":true,"href":"https:\/\/geek.hr\/znanost\/wp-json\/wp\/v2\/comments?post=21048162"}],"version-history":[{"count":0,"href":"https:\/\/geek.hr\/znanost\/wp-json\/wp\/v2\/posts\/21048162\/revisions"}],"wp:featuredmedia":[{"embeddable":true,"href":"https:\/\/geek.hr\/znanost\/wp-json\/wp\/v2\/media\/21048163"}],"wp:attachment":[{"href":"https:\/\/geek.hr\/znanost\/wp-json\/wp\/v2\/media?parent=21048162"}],"wp:term":[{"taxonomy":"category","embeddable":true,"href":"https:\/\/geek.hr\/znanost\/wp-json\/wp\/v2\/categories?post=21048162"},{"taxonomy":"post_tag","embeddable":true,"href":"https:\/\/geek.hr\/znanost\/wp-json\/wp\/v2\/tags?post=21048162"}],"curies":[{"name":"wp","href":"https:\/\/api.w.org\/{rel}","templated":true}]}}