{"id":21048234,"date":"2019-10-17T15:56:37","date_gmt":"2019-10-17T13:56:37","guid":{"rendered":"https:\/\/geek.hr\/znanost\/?p=21048234"},"modified":"2019-10-17T15:56:37","modified_gmt":"2019-10-17T13:56:37","slug":"svedska-akademija-brani-svoju-odluku-o-dodjeli-nobelove-nagrade-za-knjizevnost-handkeu","status":"publish","type":"post","link":"https:\/\/geek.hr\/znanost\/clanak\/svedska-akademija-brani-svoju-odluku-o-dodjeli-nobelove-nagrade-za-knjizevnost-handkeu\/","title":{"rendered":"\u0160vedska akademija brani svoju odluku o dodjeli Nobelove nagrade za knji\u017eevnost Handkeu"},"content":{"rendered":"<p>U \u010dlanku objavljenom u \u010detvrtak u \u0161vedskom dnevniku Dagens Nyheter, predsjednik \u0160vedske akademije Mats Malm, priznaje da je Handke iznosio &#8220;provokativne, neprimjerene i nejasne komentare o politi\u010dkim pitanjima&#8221;.<\/p>\n<p><strong>\u0160vedska akademija brani svoju odluku<\/strong> o dodjeli Nobelove nagrade za knji\u017eevnost 2019. austrijskom knji\u017eevniku Peteru Handkeu obrazlo\u017eenjem da je on iznosio provokativne komentare, ali nije podr\u017eavao krvoproli\u0107e. Mnogi, a me\u0111u njima i osobe koje su pre\u017eivjele pokolj iz Srebrenice 1995. godine, kritizirali su Akademiju i pozvali je da opozove odluku o dodjeli Nobelove nagrade za knji\u017eevnost <strong>vrijednu 9 milijuna \u0161vedskih kruna (837.000 eura)<\/strong> objavljenu pro\u0161li tjedan.<\/p>\n<p>U 2006., Handke je odr\u017eao govor na posljednjem ispra\u0107aju srbijanskom predsjedniku Slobodanu Milo\u0161evi\u0107u, koji je umro u ha\u0161kom pritvoru u o\u010dekivanju izricanja presude za ratne zlo\u010dine po\u010dinjene na prostoru biv\u0161e Jugoslavije 90-ih godina. Osim toga, Handke je podr\u017eavao \u010delnike bosanskih Srba, ideolo\u0161kog vo\u0111u Radovana Karad\u017ei\u0107a i ratnog zapovjednika Ratka Mladi\u0107a, osu\u0111ene za genocid u Srebrenici zbog pokolja vi\u0161e od 8000 muslimanskih mu\u0161karaca i dje\u010daka.<\/p>\n<p>U \u010dlanku objavljenom u \u010detvrtak u \u0161vedskom dnevniku Dagens Nyheter, predsjednik \u0160vedske akademije Mats Malm, priznaje da je Handke iznosio &#8220;provokativne, neprimjerene i nejasne komentare o politi\u010dkim pitanjima&#8221;. No autor knjiga kao \u0161to su &#8220;Strah golmana pred jedanaestercem&#8221; i &#8220;Spori povratak ku\u0107i&#8221; nije veli\u010dao krvoproli\u0107e i jasno je osudio pokolj u Srebrenici, navodi Malm.<br \/>\n&#8220;Akademija&#8230; nije prona\u0161la ni\u0161ta u njegovu pisanju \u0161to bi se moglo nazvati napadom na civilno dru\u0161tvo i na po\u0161tivanje jednakosti svih naroda&#8221;, pi\u0161e Malm.<\/p>\n<p>Akademija se poziva na \u010dlanak iz 2006. objavljen u njema\u010dkom dnevniku Suddeutsche Zeitung u kojem Handke pi\u0161e da je pokolj u Srebrenici najgori zlo\u010din protiv \u010dovje\u010dnosti u Europi od Drugog svjetskog rata. Akademija je bila prisiljena odgoditi dodjelu nagrade za knji\u017eevnost u 2018., nakon izbijanja skandala koji je zavr\u0161io ostavkom \u010dlanice Akademije \u010diji je suprug osu\u0111en za silovanje.<br \/>\nAlbanski premijer Edi Rama optu\u017eio je Akademiju da je svojom odukom o dodjeli nagrade Handkeu &#8220;umanjila vrijednost nagrade&#8221; za budu\u0107a desetlje\u0107a.<\/p>\n<p>Akademijinu odluku o\u0161tro su kritizirali u Albaniji te na Kosovu gdje je, prema procjenama, ubijeno 10.000 kosovskih Albanaca u godinama Milo\u0161evi\u0107eva ratnog stroja. Munira Suba\u0161i\u0107, predsjednica udruge Majke Srebrenice koja zastupa pre\u017eivjele iz tog genocida, rekla je da je odluka \u0160vedske akademije &#8220;sramotna&#8221;.<\/p>\n","protected":false},"excerpt":{"rendered":"<p>U \u010dlanku objavljenom u \u010detvrtak u \u0161vedskom dnevniku Dagens Nyheter, predsjednik \u0160vedske akademije Mats Malm, priznaje da je Handke iznosio &#8220;provokativne, neprimjerene i nejasne komentare o politi\u010dkim pitanjima&#8221;. \u0160vedska akademija brani svoju odluku o dodjeli Nobelove nagrade za knji\u017eevnost 2019. austrijskom knji\u017eevniku Peteru Handkeu obrazlo\u017eenjem da je on iznosio provokativne komentare, ali nije podr\u017eavao krvoproli\u0107e. [&hellip;]<\/p>\n","protected":false},"author":10022,"featured_media":21048235,"comment_status":"open","ping_status":"closed","sticky":false,"template":"","format":"standard","meta":{"_lmt_disableupdate":"","_lmt_disable":"","footnotes":""},"categories":[1,16337],"tags":[],"class_list":["post-21048234","post","type-post","status-publish","format-standard","has-post-thumbnail","hentry","category-znanost","category-drustvene-znanosti"],"modified_by":null,"_links":{"self":[{"href":"https:\/\/geek.hr\/znanost\/wp-json\/wp\/v2\/posts\/21048234","targetHints":{"allow":["GET"]}}],"collection":[{"href":"https:\/\/geek.hr\/znanost\/wp-json\/wp\/v2\/posts"}],"about":[{"href":"https:\/\/geek.hr\/znanost\/wp-json\/wp\/v2\/types\/post"}],"author":[{"embeddable":true,"href":"https:\/\/geek.hr\/znanost\/wp-json\/wp\/v2\/users\/10022"}],"replies":[{"embeddable":true,"href":"https:\/\/geek.hr\/znanost\/wp-json\/wp\/v2\/comments?post=21048234"}],"version-history":[{"count":0,"href":"https:\/\/geek.hr\/znanost\/wp-json\/wp\/v2\/posts\/21048234\/revisions"}],"wp:featuredmedia":[{"embeddable":true,"href":"https:\/\/geek.hr\/znanost\/wp-json\/wp\/v2\/media\/21048235"}],"wp:attachment":[{"href":"https:\/\/geek.hr\/znanost\/wp-json\/wp\/v2\/media?parent=21048234"}],"wp:term":[{"taxonomy":"category","embeddable":true,"href":"https:\/\/geek.hr\/znanost\/wp-json\/wp\/v2\/categories?post=21048234"},{"taxonomy":"post_tag","embeddable":true,"href":"https:\/\/geek.hr\/znanost\/wp-json\/wp\/v2\/tags?post=21048234"}],"curies":[{"name":"wp","href":"https:\/\/api.w.org\/{rel}","templated":true}]}}