{"id":21060767,"date":"2021-07-18T18:55:18","date_gmt":"2021-07-18T16:55:18","guid":{"rendered":"https:\/\/geek.hr\/znanost\/?p=21060767"},"modified":"2021-07-18T18:55:20","modified_gmt":"2021-07-18T16:55:20","slug":"u-nizozemskoj-predstavljena-najduza-solarna-biciklisticka-staza","status":"publish","type":"post","link":"https:\/\/geek.hr\/znanost\/clanak\/u-nizozemskoj-predstavljena-najduza-solarna-biciklisticka-staza\/","title":{"rendered":"U Nizozemskoj predstavljena najdu\u017ea solarna biciklisti\u010dka staza"},"content":{"rendered":"\n<p>Vlasti centralne provincije Utrecht u Nizozemskoj otvorile su najdu\u017eu solarnu biciklisti\u010dku stazu na svijetu koja proizvodi elektri\u010dnu energiju, povezuju\u0107i tako odr\u017eivu energiju s prijevozom bez emisije \u0161tetnih plinova. <\/p>\n\n\n\n<p>U\u010denici jedne lokalne osnovne \u0161kole prvi su se provozali stazom dugom 330 metara, koja se nalazi u selu Maartensdijk, blizu Utrechta. Staza se sastoji od betonskih blokova prekrivenih tankim prozirnim slojem koji \u0161titi i omogu\u0107ava prodiranje sun\u010deve svjetlosti do solarnih \u0107elija ugra\u0111enih u blokove. <\/p>\n\n\n\n<p>Pilot projekt ima za cilj utvrditi mogli li se takve staze s dvostrukom namjenom \u0161ire koristiti, odnosno mogu li slu\u017eiti biciklistima i mogu li se koristiti za generiranje struje iz solarne energije, s obzirom na to da pokrajina Utrecht \u017eeli smanjiti emisiju ugljika, prenosi <em><a href=\"https:\/\/apnews.com\/article\/technology-europe-business-environment-and-nature-9f9a06fe6fbe9f4c6c5b8edfb274f43d\" target=\"_blank\" rel=\"noreferrer noopener\">AP<\/a><\/em>. <\/p>\n\n\n\n<p>&#8220;To je vrlo va\u017eno! \u017delimo biti klimatski neutralni do 2040. godine, tako da se moramo usuditi koristiti inovacije, a ovo je vrlo inovativno. Imamo vrlo napu\u010denu pokrajinu s malo prostora, pa iz tog razloga moramo isprobati dvostruku namjenu staza. Ako ceste mo\u017eemo koristiti za proizvodnju energije, imamo dvostruku prednost&#8221;, rekao je Arne Schaddelee, pokrajinski du\u017enosnik. <\/p>\n\n\n\n<p>Solarna biciklisti\u010dka staza otvorena je na dan kad je Europska unija predstavila opse\u017ean set zakona koji bi trebali omogu\u0107iti ispunjavanje obe\u0107anja da \u0107e tijekom ovog desetlje\u0107a smanjiti emisiju plinova koji uzrokuju globalno zagrijavanje za 55 posto, uklju\u010duju\u0107i kontroverzni plan oporezivanja stranih tvrtki koje uzrokuju zaga\u0111enja. <\/p>\n\n\n\n<p>Solarne biciklisti\u010dke staze se ve\u0107 koriste u drugim dijelovima Nizozemske, ali je ova u Utrechtu najdu\u017ea izgra\u0111ena do sada. <\/p>\n\n\n\n<figure class=\"wp-block-embed aligncenter is-type-video is-provider-youtube wp-block-embed-youtube wp-embed-aspect-16-9 wp-has-aspect-ratio\"><div class=\"wp-block-embed__wrapper\">\n<iframe loading=\"lazy\" title=\"Netherlands: Utrecht province unveils &quot;world&#039;s longest&quot; solar cycling path\" width=\"880\" height=\"495\" src=\"https:\/\/www.youtube.com\/embed\/hqd7EgUp4eg?feature=oembed\" frameborder=\"0\" allow=\"accelerometer; autoplay; clipboard-write; encrypted-media; gyroscope; picture-in-picture\" allowfullscreen><\/iframe>\n<\/div><\/figure>\n","protected":false},"excerpt":{"rendered":"<p>Vlasti centralne provincije Utrecht u Nizozemskoj otvorile su najdu\u017eu solarnu biciklisti\u010dku stazu na svijetu koja proizvodi elektri\u010dnu energiju, povezuju\u0107i tako odr\u017eivu energiju s prijevozom bez emisije \u0161tetnih plinova. U\u010denici jedne lokalne osnovne \u0161kole prvi su se provozali stazom dugom 330 metara, koja se nalazi u selu Maartensdijk, blizu Utrechta. Staza se sastoji od betonskih blokova [&hellip;]<\/p>\n","protected":false},"author":10022,"featured_media":21060768,"comment_status":"open","ping_status":"closed","sticky":false,"template":"","format":"standard","meta":{"_lmt_disableupdate":"","_lmt_disable":"","footnotes":""},"categories":[16372],"tags":[22049,18560,21434,22797,16685],"class_list":["post-21060767","post","type-post","status-publish","format-standard","has-post-thumbnail","hentry","category-ekologija-i-okolis","tag-biciklizam","tag-ekologija","tag-emisija-ugljika","tag-solarna-biciklisticka-staza","tag-solarna-energija"],"modified_by":null,"_links":{"self":[{"href":"https:\/\/geek.hr\/znanost\/wp-json\/wp\/v2\/posts\/21060767","targetHints":{"allow":["GET"]}}],"collection":[{"href":"https:\/\/geek.hr\/znanost\/wp-json\/wp\/v2\/posts"}],"about":[{"href":"https:\/\/geek.hr\/znanost\/wp-json\/wp\/v2\/types\/post"}],"author":[{"embeddable":true,"href":"https:\/\/geek.hr\/znanost\/wp-json\/wp\/v2\/users\/10022"}],"replies":[{"embeddable":true,"href":"https:\/\/geek.hr\/znanost\/wp-json\/wp\/v2\/comments?post=21060767"}],"version-history":[{"count":0,"href":"https:\/\/geek.hr\/znanost\/wp-json\/wp\/v2\/posts\/21060767\/revisions"}],"wp:featuredmedia":[{"embeddable":true,"href":"https:\/\/geek.hr\/znanost\/wp-json\/wp\/v2\/media\/21060768"}],"wp:attachment":[{"href":"https:\/\/geek.hr\/znanost\/wp-json\/wp\/v2\/media?parent=21060767"}],"wp:term":[{"taxonomy":"category","embeddable":true,"href":"https:\/\/geek.hr\/znanost\/wp-json\/wp\/v2\/categories?post=21060767"},{"taxonomy":"post_tag","embeddable":true,"href":"https:\/\/geek.hr\/znanost\/wp-json\/wp\/v2\/tags?post=21060767"}],"curies":[{"name":"wp","href":"https:\/\/api.w.org\/{rel}","templated":true}]}}